{"id":1044,"date":"1989-01-10T09:47:59","date_gmt":"1989-01-10T08:47:59","guid":{"rendered":"http:\/\/davidpilette.com\/FD2\/?p=1044"},"modified":"2022-01-19T16:03:06","modified_gmt":"2022-01-19T15:03:06","slug":"marges-i","status":"publish","type":"post","link":"https:\/\/www.fredericdurieux.com\/index.php\/1989\/01\/10\/marges-i\/","title":{"rendered":" Marges I <br><i><span style='color:#999999;font-size:18px;'>(1989) pour clavecin et percussion<\/span><\/i><\/br>"},"content":{"rendered":"\n<p class=\"has-normal-font-size\">Commande du Conservatoire de Paris (CNSMD) pour le prix de clavecin<br>Cr\u00e9ation par J. Vinikour et F. Jodelet au Festival Pr\u00e9sences \u201898 de Radio France, Paris f\u00e9vrier 1998<br>D\u00e9dicace: \u00e0 Alain Louvier et Kenneth Gilbert<br>Dur\u00e9e\u00a0: 12 min.<br>Editions Jobert (Paris) <em>\u2013 anciennement \u00e9ditions Henry Lemoine<\/em><br>Version r\u00e9vis\u00e9e (2010)\u00a0: version 1 <em>(clavecin moderne)<\/em>, version 2 <em>(clavecin baroque)<\/em><br>Nouvelle d\u00e9dicace\u00a0: \u00e0 Jory Vinikour, Alain Louvier &amp; Kenneth Gilbert<br><a href=\"https:\/\/www.jobert.fr\/\" data-type=\"URL\" data-id=\"https:\/\/www.jobert.fr\/\">Editions Jobert (Paris)<\/a><\/p>\n\n\n\n<p><\/p>\n\n\n\n<p><\/p>\n\n\n\n<p><\/p>\n\n\n\n<p>La s\u00e9rie des quatre partitions intitul\u00e9es Marges (num\u00e9rot\u00e9es de I \u00e0 IV) a \u00e9t\u00e9 compos\u00e9e alors que je m&rsquo;attelais \u00e0 deux partitions pour grand ensemble: Seuil D\u00e9ploy\u00e9 et L\u00e0, Au-del\u00e0. Elles constituent une sorte de carnet de route &#8211; en marge de ces partitions &#8211; sur lequel s&rsquo;inscrivent des fragments en devenir ou abandonn\u00e9s.<\/p>\n\n\n\n<p>\u00c0 la demande d&rsquo;Alain Louvier, alors Directeur du Conservatoire de Paris, j&rsquo;ai compos\u00e9 Marges I pour les \u00e9preuves du Prix de clavecin. J&rsquo;ai d\u00e9but\u00e9 mon travail par une s\u00e9rie de figures opposant les sonorit\u00e9s peu r\u00e9sonantes du clavecin et celles plus enveloppantes du vibraphone. J\u2019ai ensuite constitu\u00e9 une cha\u00eene acoustique qui va des sons secs et mats des temple-blocks aux r\u00e9sonances du vibraphone et des gongs en passant par les sonorit\u00e9s de r\u00e9sonances fragiles du clavecin. De ce travail sont n\u00e9s des d\u00e9veloppements propres aux qualit\u00e9s acoustiques m\u00e9lang\u00e9es du clavecin et de la percussion qui, dans la derni\u00e8re section de la partition, se sont r\u00e9v\u00e9l\u00e9s \u00eatre l&rsquo;annonce de la partie finale de Seuil D\u00e9ploy\u00e9, pas encore compos\u00e9e \u00e0 ce moment l\u00e0.<\/p>\n\n\n\n<p>Pour des raisons pratiques, la partition n\u2019a pas pu \u00eatre cr\u00e9\u00e9e pour le prix de clavecin du Conservatoire de Paris en 1989. Ce n\u2019est que neuf ann\u00e9es plus tard que fut cr\u00e9\u00e9e Marges I, lors du festival Pr\u00e9sences \u201998 de Radio France, par Jory Vinikour et Florent Jodelet. Cette cr\u00e9ation a demand\u00e9 une adaptation pour le clavecin baroque, compos\u00e9e \u00e0 l\u2019origine pour un clavecin moderne.<\/p>\n\n\n\n<p>En 2010, j\u2019ai fait des corrections avant que la partition ne soit grav\u00e9e. Avec l\u2019aide de Jory Vinikour, j\u2019ai \u00e9tabli deux versions : une pour clavecin moderne \u00e0 p\u00e9dales (pour les registrations) et une autre pour clavecin baroque. Les deux versions \u00e9tant \u00e9dit\u00e9es dans la m\u00eame partition.<\/p>\n\n\n\n<p>Fr\u00e9d\u00e9ric Durieux<\/p>\n","protected":false},"excerpt":{"rendered":"<p>Commande du Conservatoire de Paris (CNSMD) pour le prix de clavecinCr\u00e9ation par J. Vinikour et F. Jodelet au Festival Pr\u00e9sences \u201898 de Radio France, Paris f\u00e9vrier 1998D\u00e9dicace: \u00e0 Alain Louvier et Kenneth GilbertDur\u00e9e\u00a0: 12 min.Editions Jobert (Paris) \u2013 anciennement \u00e9ditions Henry LemoineVersion r\u00e9vis\u00e9e (2010)\u00a0: version 1 (clavecin moderne), version 2 (clavecin baroque)Nouvelle d\u00e9dicace\u00a0: \u00e0 Jory [&hellip;]<\/p>\n","protected":false},"author":2,"featured_media":0,"comment_status":"open","ping_status":"open","sticky":false,"template":"","format":"standard","meta":{"_et_pb_use_builder":"off","_et_pb_old_content":"","_et_gb_content_width":"","_monsterinsights_skip_tracking":false,"_monsterinsights_sitenote_active":false,"_monsterinsights_sitenote_note":"","_monsterinsights_sitenote_category":0},"categories":[16,13],"tags":[],"acf":[],"yoast_head":"<!-- This site is optimized with the Yoast SEO Premium plugin v17.9 (Yoast SEO v19.13) - https:\/\/yoast.com\/wordpress\/plugins\/seo\/ -->\n<title>Marges I - Fr\u00e9d\u00e9ric Durieux<\/title>\n<meta name=\"description\" content=\"Bienvenue sur le site de Fr\u00e9d\u00e9ric Durieux, compositeur\" \/>\n<meta name=\"robots\" content=\"index, follow, max-snippet:-1, max-image-preview:large, max-video-preview:-1\" \/>\n<link rel=\"canonical\" href=\"https:\/\/www.fredericdurieux.com\/index.php\/1989\/01\/10\/marges-i\/\" \/>\n<meta property=\"og:locale\" content=\"fr_FR\" \/>\n<meta property=\"og:type\" content=\"article\" \/>\n<meta property=\"og:title\" content=\"Marges I Fr\u00e9d\u00e9ric Durieux - Composer\" \/>\n<meta property=\"og:description\" content=\"Bienvenue sur le site de Fr\u00e9d\u00e9ric Durieux, compositeur\" \/>\n<meta property=\"og:url\" content=\"https:\/\/www.fredericdurieux.com\/index.php\/1989\/01\/10\/marges-i\/\" \/>\n<meta property=\"og:site_name\" content=\"Fr\u00e9d\u00e9ric Durieux\" \/>\n<meta property=\"article:published_time\" content=\"1989-01-10T08:47:59+00:00\" \/>\n<meta property=\"article:modified_time\" content=\"2022-01-19T15:03:06+00:00\" \/>\n<meta property=\"og:image\" content=\"https:\/\/www.fredericdurieux.com\/wp-content\/uploads\/2022\/02\/Fre\u0301de\u0301ric-Durieux.png\" \/>\n\t<meta property=\"og:image:width\" content=\"1367\" \/>\n\t<meta property=\"og:image:height\" content=\"753\" \/>\n\t<meta property=\"og:image:type\" content=\"image\/png\" \/>\n<meta name=\"author\" content=\"Fr\u00e9d\u00e9ric Durieux\" \/>\n<meta name=\"twitter:card\" content=\"summary_large_image\" \/>\n<meta name=\"twitter:label1\" content=\"\u00c9crit par\" \/>\n\t<meta name=\"twitter:data1\" content=\"Fr\u00e9d\u00e9ric Durieux\" \/>\n\t<meta name=\"twitter:label2\" content=\"Dur\u00e9e de lecture estim\u00e9e\" \/>\n\t<meta name=\"twitter:data2\" content=\"2 minutes\" \/>\n<script type=\"application\/ld+json\" class=\"yoast-schema-graph\">{\"@context\":\"https:\/\/schema.org\",\"@graph\":[{\"@type\":\"Article\",\"@id\":\"https:\/\/www.fredericdurieux.com\/index.php\/1989\/01\/10\/marges-i\/#article\",\"isPartOf\":{\"@id\":\"https:\/\/www.fredericdurieux.com\/index.php\/1989\/01\/10\/marges-i\/\"},\"author\":{\"name\":\"Fr\u00e9d\u00e9ric Durieux\",\"@id\":\"https:\/\/www.fredericdurieux.com\/#\/schema\/person\/a33962bb2a339dd50976b2e193f30b79\"},\"headline\":\"Marges I (1989) pour clavecin et percussion\",\"datePublished\":\"1989-01-10T08:47:59+00:00\",\"dateModified\":\"2022-01-19T15:03:06+00:00\",\"mainEntityOfPage\":{\"@id\":\"https:\/\/www.fredericdurieux.com\/index.php\/1989\/01\/10\/marges-i\/\"},\"wordCount\":399,\"commentCount\":0,\"publisher\":{\"@id\":\"https:\/\/www.fredericdurieux.com\/#\/schema\/person\/a33962bb2a339dd50976b2e193f30b79\"},\"articleSection\":[\"Musique de Chambre\",\"oeuvres chronologiques\"],\"inLanguage\":\"fr-FR\",\"potentialAction\":[{\"@type\":\"CommentAction\",\"name\":\"Comment\",\"target\":[\"https:\/\/www.fredericdurieux.com\/index.php\/1989\/01\/10\/marges-i\/#respond\"]}]},{\"@type\":\"WebPage\",\"@id\":\"https:\/\/www.fredericdurieux.com\/index.php\/1989\/01\/10\/marges-i\/\",\"url\":\"https:\/\/www.fredericdurieux.com\/index.php\/1989\/01\/10\/marges-i\/\",\"name\":\"Marges I - Fr\u00e9d\u00e9ric Durieux\",\"isPartOf\":{\"@id\":\"https:\/\/www.fredericdurieux.com\/#website\"},\"datePublished\":\"1989-01-10T08:47:59+00:00\",\"dateModified\":\"2022-01-19T15:03:06+00:00\",\"description\":\"Bienvenue sur le site de Fr\u00e9d\u00e9ric Durieux, compositeur\",\"breadcrumb\":{\"@id\":\"https:\/\/www.fredericdurieux.com\/index.php\/1989\/01\/10\/marges-i\/#breadcrumb\"},\"inLanguage\":\"fr-FR\",\"potentialAction\":[{\"@type\":\"ReadAction\",\"target\":[\"https:\/\/www.fredericdurieux.com\/index.php\/1989\/01\/10\/marges-i\/\"]}]},{\"@type\":\"BreadcrumbList\",\"@id\":\"https:\/\/www.fredericdurieux.com\/index.php\/1989\/01\/10\/marges-i\/#breadcrumb\",\"itemListElement\":[{\"@type\":\"ListItem\",\"position\":1,\"name\":\"Accueil\",\"item\":\"https:\/\/www.fredericdurieux.com\/\"},{\"@type\":\"ListItem\",\"position\":2,\"name\":\"Marges I (1989) pour clavecin et percussion\"}]},{\"@type\":\"WebSite\",\"@id\":\"https:\/\/www.fredericdurieux.com\/#website\",\"url\":\"https:\/\/www.fredericdurieux.com\/\",\"name\":\"Fr\u00e9d\u00e9ric Durieux\",\"description\":\"Compositeur\",\"publisher\":{\"@id\":\"https:\/\/www.fredericdurieux.com\/#\/schema\/person\/a33962bb2a339dd50976b2e193f30b79\"},\"potentialAction\":[{\"@type\":\"SearchAction\",\"target\":{\"@type\":\"EntryPoint\",\"urlTemplate\":\"https:\/\/www.fredericdurieux.com\/?s={search_term_string}\"},\"query-input\":\"required name=search_term_string\"}],\"inLanguage\":\"fr-FR\"},{\"@type\":[\"Person\",\"Organization\"],\"@id\":\"https:\/\/www.fredericdurieux.com\/#\/schema\/person\/a33962bb2a339dd50976b2e193f30b79\",\"name\":\"Fr\u00e9d\u00e9ric Durieux\",\"image\":{\"@type\":\"ImageObject\",\"inLanguage\":\"fr-FR\",\"@id\":\"https:\/\/www.fredericdurieux.com\/#\/schema\/person\/image\/\",\"url\":\"https:\/\/www.fredericdurieux.com\/wp-content\/uploads\/2022\/01\/Portrait-Durieux-Ecoutes.jpg\",\"contentUrl\":\"https:\/\/www.fredericdurieux.com\/wp-content\/uploads\/2022\/01\/Portrait-Durieux-Ecoutes.jpg\",\"width\":600,\"height\":646,\"caption\":\"Fr\u00e9d\u00e9ric Durieux\"},\"logo\":{\"@id\":\"https:\/\/www.fredericdurieux.com\/#\/schema\/person\/image\/\"},\"sameAs\":[\"FDurieux\"],\"url\":\"https:\/\/www.fredericdurieux.com\/index.php\/author\/fdurieux\/\"}]}<\/script>\n<!-- \/ Yoast SEO Premium plugin. -->","yoast_head_json":{"title":"Marges I - Fr\u00e9d\u00e9ric Durieux","description":"Bienvenue sur le site de Fr\u00e9d\u00e9ric Durieux, compositeur","robots":{"index":"index","follow":"follow","max-snippet":"max-snippet:-1","max-image-preview":"max-image-preview:large","max-video-preview":"max-video-preview:-1"},"canonical":"https:\/\/www.fredericdurieux.com\/index.php\/1989\/01\/10\/marges-i\/","og_locale":"fr_FR","og_type":"article","og_title":"Marges I Fr\u00e9d\u00e9ric Durieux - Composer","og_description":"Bienvenue sur le site de Fr\u00e9d\u00e9ric Durieux, compositeur","og_url":"https:\/\/www.fredericdurieux.com\/index.php\/1989\/01\/10\/marges-i\/","og_site_name":"Fr\u00e9d\u00e9ric Durieux","article_published_time":"1989-01-10T08:47:59+00:00","article_modified_time":"2022-01-19T15:03:06+00:00","og_image":[{"width":1367,"height":753,"url":"https:\/\/www.fredericdurieux.com\/wp-content\/uploads\/2022\/02\/Fre\u0301de\u0301ric-Durieux.png","type":"image\/png"}],"author":"Fr\u00e9d\u00e9ric Durieux","twitter_card":"summary_large_image","twitter_misc":{"\u00c9crit par":"Fr\u00e9d\u00e9ric Durieux","Dur\u00e9e de lecture estim\u00e9e":"2 minutes"},"schema":{"@context":"https:\/\/schema.org","@graph":[{"@type":"Article","@id":"https:\/\/www.fredericdurieux.com\/index.php\/1989\/01\/10\/marges-i\/#article","isPartOf":{"@id":"https:\/\/www.fredericdurieux.com\/index.php\/1989\/01\/10\/marges-i\/"},"author":{"name":"Fr\u00e9d\u00e9ric Durieux","@id":"https:\/\/www.fredericdurieux.com\/#\/schema\/person\/a33962bb2a339dd50976b2e193f30b79"},"headline":"Marges I (1989) pour clavecin et percussion","datePublished":"1989-01-10T08:47:59+00:00","dateModified":"2022-01-19T15:03:06+00:00","mainEntityOfPage":{"@id":"https:\/\/www.fredericdurieux.com\/index.php\/1989\/01\/10\/marges-i\/"},"wordCount":399,"commentCount":0,"publisher":{"@id":"https:\/\/www.fredericdurieux.com\/#\/schema\/person\/a33962bb2a339dd50976b2e193f30b79"},"articleSection":["Musique de Chambre","oeuvres chronologiques"],"inLanguage":"fr-FR","potentialAction":[{"@type":"CommentAction","name":"Comment","target":["https:\/\/www.fredericdurieux.com\/index.php\/1989\/01\/10\/marges-i\/#respond"]}]},{"@type":"WebPage","@id":"https:\/\/www.fredericdurieux.com\/index.php\/1989\/01\/10\/marges-i\/","url":"https:\/\/www.fredericdurieux.com\/index.php\/1989\/01\/10\/marges-i\/","name":"Marges I - Fr\u00e9d\u00e9ric Durieux","isPartOf":{"@id":"https:\/\/www.fredericdurieux.com\/#website"},"datePublished":"1989-01-10T08:47:59+00:00","dateModified":"2022-01-19T15:03:06+00:00","description":"Bienvenue sur le site de Fr\u00e9d\u00e9ric Durieux, compositeur","breadcrumb":{"@id":"https:\/\/www.fredericdurieux.com\/index.php\/1989\/01\/10\/marges-i\/#breadcrumb"},"inLanguage":"fr-FR","potentialAction":[{"@type":"ReadAction","target":["https:\/\/www.fredericdurieux.com\/index.php\/1989\/01\/10\/marges-i\/"]}]},{"@type":"BreadcrumbList","@id":"https:\/\/www.fredericdurieux.com\/index.php\/1989\/01\/10\/marges-i\/#breadcrumb","itemListElement":[{"@type":"ListItem","position":1,"name":"Accueil","item":"https:\/\/www.fredericdurieux.com\/"},{"@type":"ListItem","position":2,"name":"Marges I (1989) pour clavecin et percussion"}]},{"@type":"WebSite","@id":"https:\/\/www.fredericdurieux.com\/#website","url":"https:\/\/www.fredericdurieux.com\/","name":"Fr\u00e9d\u00e9ric Durieux","description":"Compositeur","publisher":{"@id":"https:\/\/www.fredericdurieux.com\/#\/schema\/person\/a33962bb2a339dd50976b2e193f30b79"},"potentialAction":[{"@type":"SearchAction","target":{"@type":"EntryPoint","urlTemplate":"https:\/\/www.fredericdurieux.com\/?s={search_term_string}"},"query-input":"required name=search_term_string"}],"inLanguage":"fr-FR"},{"@type":["Person","Organization"],"@id":"https:\/\/www.fredericdurieux.com\/#\/schema\/person\/a33962bb2a339dd50976b2e193f30b79","name":"Fr\u00e9d\u00e9ric Durieux","image":{"@type":"ImageObject","inLanguage":"fr-FR","@id":"https:\/\/www.fredericdurieux.com\/#\/schema\/person\/image\/","url":"https:\/\/www.fredericdurieux.com\/wp-content\/uploads\/2022\/01\/Portrait-Durieux-Ecoutes.jpg","contentUrl":"https:\/\/www.fredericdurieux.com\/wp-content\/uploads\/2022\/01\/Portrait-Durieux-Ecoutes.jpg","width":600,"height":646,"caption":"Fr\u00e9d\u00e9ric Durieux"},"logo":{"@id":"https:\/\/www.fredericdurieux.com\/#\/schema\/person\/image\/"},"sameAs":["FDurieux"],"url":"https:\/\/www.fredericdurieux.com\/index.php\/author\/fdurieux\/"}]}},"_links":{"self":[{"href":"https:\/\/www.fredericdurieux.com\/index.php\/wp-json\/wp\/v2\/posts\/1044"}],"collection":[{"href":"https:\/\/www.fredericdurieux.com\/index.php\/wp-json\/wp\/v2\/posts"}],"about":[{"href":"https:\/\/www.fredericdurieux.com\/index.php\/wp-json\/wp\/v2\/types\/post"}],"author":[{"embeddable":true,"href":"https:\/\/www.fredericdurieux.com\/index.php\/wp-json\/wp\/v2\/users\/2"}],"replies":[{"embeddable":true,"href":"https:\/\/www.fredericdurieux.com\/index.php\/wp-json\/wp\/v2\/comments?post=1044"}],"version-history":[{"count":15,"href":"https:\/\/www.fredericdurieux.com\/index.php\/wp-json\/wp\/v2\/posts\/1044\/revisions"}],"predecessor-version":[{"id":1275,"href":"https:\/\/www.fredericdurieux.com\/index.php\/wp-json\/wp\/v2\/posts\/1044\/revisions\/1275"}],"wp:attachment":[{"href":"https:\/\/www.fredericdurieux.com\/index.php\/wp-json\/wp\/v2\/media?parent=1044"}],"wp:term":[{"taxonomy":"category","embeddable":true,"href":"https:\/\/www.fredericdurieux.com\/index.php\/wp-json\/wp\/v2\/categories?post=1044"},{"taxonomy":"post_tag","embeddable":true,"href":"https:\/\/www.fredericdurieux.com\/index.php\/wp-json\/wp\/v2\/tags?post=1044"}],"curies":[{"name":"wp","href":"https:\/\/api.w.org\/{rel}","templated":true}]}}