{"id":1067,"date":"1989-03-10T10:15:43","date_gmt":"1989-03-10T09:15:43","guid":{"rendered":"http:\/\/davidpilette.com\/FD2\/?p=1067"},"modified":"2022-01-14T10:54:31","modified_gmt":"2022-01-14T09:54:31","slug":"marges-ii","status":"publish","type":"post","link":"https:\/\/www.fredericdurieux.com\/index.php\/1989\/03\/10\/marges-ii\/","title":{"rendered":" Marges II <br><i><span style='color:#999999;font-size:18px;'>(1989) pour piano et 9 instruments<\/span><\/i><\/br>"},"content":{"rendered":"\n<p class=\"has-normal-font-size\">(1-0-1-0 \/ 1-0-0-0 \/ piano solo-harpe-vibraphone-marimba \/ 1-0-1-1-0)<br>Cr\u00e9ation par S. Billier et l\u2019Ensemble FA, dir. D. My \u00e0 Radio France, Paris avril 1991<br>D\u00e9dicace: \u00e0 Bernard et Juliette, Jean-Philippe et Val\u00e9rie<br>Dur\u00e9e\u00a0: 13 min.<br><a rel=\"noreferrer noopener\" href=\"https:\/\/www.jobert.fr\/\" data-type=\"URL\" data-id=\"https:\/\/www.jobert.fr\/\" target=\"_blank\">Editions Jobert <\/a>(Paris) <em>\u2013 anciennement \u00e9ditions Henry Lemoine<\/em><\/p>\n\n\n\n<p><\/p>\n\n\n\n<p><\/p>\n\n\n\n<p><\/p>\n\n\n\n<p>Cette partition est la deuxi\u00e8me d&rsquo;une s\u00e9rie que je compte \u00e9crire au fil des ans. Toutes auront en commun d&rsquo;\u00eatre des d\u00e9riv\u00e9s de pi\u00e8ces plus importantes dont certains \u00e9l\u00e9ments d&rsquo;\u00e9criture sont re-d\u00e9velopp\u00e9s \u00e0 plus petite \u00e9chelle. Par exemple, Marges I, pour clavecin et percussion, utilise un mat\u00e9riau de Seuil D\u00e9ploy\u00e9 (1988-89) pour 22 instrumentistes. La particularit\u00e9 de Marges II r\u00e9side dans le fait que cette partition est elle-m\u00eame un d\u00e9riv\u00e9 et une extension de Marges I. L&rsquo;effectif instrumental de Marges II se souvient explicitement de celui de Seuil D\u00e9ploy\u00e9 : fl\u00fbte, clarinette, cor, harpe, vibraphone, marimba, violon, alto, violoncelle et piano sont d\u00e9j\u00e0 pr\u00e9sents dans la pi\u00e8ce d&rsquo;origine. N\u00e9anmoins, il ne s&rsquo;agit pas l\u00e0 d&rsquo;une r\u00e9duction mais bien, \u00e0 partir des m\u00eames \u00e9l\u00e9ments de timbre et d&rsquo;\u00e9criture, d&rsquo;un d\u00e9veloppement annexe et autonome.<\/p>\n\n\n\n<p>Le plan de Marges II reste volontairement simple et se pr\u00e9sente sous la forme de quatre panneaux : le premier, Assez vif, est agit\u00e9 d&rsquo;accords et de blocs rythmiques, le deuxi\u00e8me, Suspendu\u00a0\u00bb, est constitu\u00e9 de r\u00e9sonances et de figures vives, le troisi\u00e8me, Nerveux et fr\u00e9missant\u00a0\u00bb, oppose des traits au accords trill\u00e9s et le quatri\u00e8me, Dans une densit\u00e9 croissante, accumule les figures jusqu&rsquo;a saturation puis \u00e9puisement des figures.<\/p>\n\n\n\n<p>Fr\u00e9d\u00e9ric Durieux<\/p>\n","protected":false},"excerpt":{"rendered":"<p>(1-0-1-0 \/ 1-0-0-0 \/ piano solo-harpe-vibraphone-marimba \/ 1-0-1-1-0)Cr\u00e9ation par S. Billier et l\u2019Ensemble FA, dir. D. My \u00e0 Radio France, Paris avril 1991D\u00e9dicace: \u00e0 Bernard et Juliette, Jean-Philippe et Val\u00e9rieDur\u00e9e\u00a0: 13 min.Editions Jobert (Paris) \u2013 anciennement \u00e9ditions Henry Lemoine Cette partition est la deuxi\u00e8me d&rsquo;une s\u00e9rie que je compte \u00e9crire au fil des ans. Toutes [&hellip;]<\/p>\n","protected":false},"author":2,"featured_media":0,"comment_status":"open","ping_status":"open","sticky":false,"template":"","format":"standard","meta":{"_et_pb_use_builder":"off","_et_pb_old_content":"","_et_gb_content_width":"","_monsterinsights_skip_tracking":false,"_monsterinsights_sitenote_active":false,"_monsterinsights_sitenote_note":"","_monsterinsights_sitenote_category":0},"categories":[23,13],"tags":[],"acf":[],"yoast_head":"<!-- This site is optimized with the Yoast SEO Premium plugin v17.9 (Yoast SEO v19.13) - https:\/\/yoast.com\/wordpress\/plugins\/seo\/ -->\n<title>Marges II - Fr\u00e9d\u00e9ric Durieux<\/title>\n<meta name=\"description\" content=\"Bienvenue sur le site de Fr\u00e9d\u00e9ric Durieux, compositeur\" \/>\n<meta name=\"robots\" content=\"index, follow, max-snippet:-1, max-image-preview:large, max-video-preview:-1\" \/>\n<link rel=\"canonical\" href=\"https:\/\/www.fredericdurieux.com\/index.php\/1989\/03\/10\/marges-ii\/\" \/>\n<meta property=\"og:locale\" content=\"fr_FR\" \/>\n<meta property=\"og:type\" content=\"article\" \/>\n<meta property=\"og:title\" content=\"Marges II Fr\u00e9d\u00e9ric Durieux - Composer\" \/>\n<meta property=\"og:description\" content=\"Bienvenue sur le site de Fr\u00e9d\u00e9ric Durieux, compositeur\" \/>\n<meta property=\"og:url\" content=\"https:\/\/www.fredericdurieux.com\/index.php\/1989\/03\/10\/marges-ii\/\" \/>\n<meta property=\"og:site_name\" content=\"Fr\u00e9d\u00e9ric Durieux\" \/>\n<meta property=\"article:published_time\" content=\"1989-03-10T09:15:43+00:00\" \/>\n<meta property=\"article:modified_time\" content=\"2022-01-14T09:54:31+00:00\" \/>\n<meta property=\"og:image\" content=\"https:\/\/www.fredericdurieux.com\/wp-content\/uploads\/2022\/02\/Fre\u0301de\u0301ric-Durieux.png\" \/>\n\t<meta property=\"og:image:width\" content=\"1367\" \/>\n\t<meta property=\"og:image:height\" content=\"753\" \/>\n\t<meta property=\"og:image:type\" content=\"image\/png\" \/>\n<meta name=\"author\" content=\"Fr\u00e9d\u00e9ric Durieux\" \/>\n<meta name=\"twitter:card\" content=\"summary_large_image\" \/>\n<meta name=\"twitter:label1\" content=\"\u00c9crit par\" \/>\n\t<meta name=\"twitter:data1\" content=\"Fr\u00e9d\u00e9ric Durieux\" \/>\n\t<meta name=\"twitter:label2\" content=\"Dur\u00e9e de lecture estim\u00e9e\" \/>\n\t<meta name=\"twitter:data2\" content=\"1 minute\" \/>\n<script type=\"application\/ld+json\" class=\"yoast-schema-graph\">{\"@context\":\"https:\/\/schema.org\",\"@graph\":[{\"@type\":\"Article\",\"@id\":\"https:\/\/www.fredericdurieux.com\/index.php\/1989\/03\/10\/marges-ii\/#article\",\"isPartOf\":{\"@id\":\"https:\/\/www.fredericdurieux.com\/index.php\/1989\/03\/10\/marges-ii\/\"},\"author\":{\"name\":\"Fr\u00e9d\u00e9ric Durieux\",\"@id\":\"https:\/\/www.fredericdurieux.com\/#\/schema\/person\/a33962bb2a339dd50976b2e193f30b79\"},\"headline\":\"Marges II (1989) pour piano et 9 instruments\",\"datePublished\":\"1989-03-10T09:15:43+00:00\",\"dateModified\":\"2022-01-14T09:54:31+00:00\",\"mainEntityOfPage\":{\"@id\":\"https:\/\/www.fredericdurieux.com\/index.php\/1989\/03\/10\/marges-ii\/\"},\"wordCount\":287,\"commentCount\":0,\"publisher\":{\"@id\":\"https:\/\/www.fredericdurieux.com\/#\/schema\/person\/a33962bb2a339dd50976b2e193f30b79\"},\"articleSection\":[\"Instruments Solistes\",\"oeuvres chronologiques\"],\"inLanguage\":\"fr-FR\",\"potentialAction\":[{\"@type\":\"CommentAction\",\"name\":\"Comment\",\"target\":[\"https:\/\/www.fredericdurieux.com\/index.php\/1989\/03\/10\/marges-ii\/#respond\"]}]},{\"@type\":\"WebPage\",\"@id\":\"https:\/\/www.fredericdurieux.com\/index.php\/1989\/03\/10\/marges-ii\/\",\"url\":\"https:\/\/www.fredericdurieux.com\/index.php\/1989\/03\/10\/marges-ii\/\",\"name\":\"Marges II - Fr\u00e9d\u00e9ric Durieux\",\"isPartOf\":{\"@id\":\"https:\/\/www.fredericdurieux.com\/#website\"},\"datePublished\":\"1989-03-10T09:15:43+00:00\",\"dateModified\":\"2022-01-14T09:54:31+00:00\",\"description\":\"Bienvenue sur le site de Fr\u00e9d\u00e9ric Durieux, compositeur\",\"breadcrumb\":{\"@id\":\"https:\/\/www.fredericdurieux.com\/index.php\/1989\/03\/10\/marges-ii\/#breadcrumb\"},\"inLanguage\":\"fr-FR\",\"potentialAction\":[{\"@type\":\"ReadAction\",\"target\":[\"https:\/\/www.fredericdurieux.com\/index.php\/1989\/03\/10\/marges-ii\/\"]}]},{\"@type\":\"BreadcrumbList\",\"@id\":\"https:\/\/www.fredericdurieux.com\/index.php\/1989\/03\/10\/marges-ii\/#breadcrumb\",\"itemListElement\":[{\"@type\":\"ListItem\",\"position\":1,\"name\":\"Accueil\",\"item\":\"https:\/\/www.fredericdurieux.com\/\"},{\"@type\":\"ListItem\",\"position\":2,\"name\":\"Marges II (1989) pour piano et 9 instruments\"}]},{\"@type\":\"WebSite\",\"@id\":\"https:\/\/www.fredericdurieux.com\/#website\",\"url\":\"https:\/\/www.fredericdurieux.com\/\",\"name\":\"Fr\u00e9d\u00e9ric Durieux\",\"description\":\"Compositeur\",\"publisher\":{\"@id\":\"https:\/\/www.fredericdurieux.com\/#\/schema\/person\/a33962bb2a339dd50976b2e193f30b79\"},\"potentialAction\":[{\"@type\":\"SearchAction\",\"target\":{\"@type\":\"EntryPoint\",\"urlTemplate\":\"https:\/\/www.fredericdurieux.com\/?s={search_term_string}\"},\"query-input\":\"required name=search_term_string\"}],\"inLanguage\":\"fr-FR\"},{\"@type\":[\"Person\",\"Organization\"],\"@id\":\"https:\/\/www.fredericdurieux.com\/#\/schema\/person\/a33962bb2a339dd50976b2e193f30b79\",\"name\":\"Fr\u00e9d\u00e9ric Durieux\",\"image\":{\"@type\":\"ImageObject\",\"inLanguage\":\"fr-FR\",\"@id\":\"https:\/\/www.fredericdurieux.com\/#\/schema\/person\/image\/\",\"url\":\"https:\/\/www.fredericdurieux.com\/wp-content\/uploads\/2022\/01\/Portrait-Durieux-Ecoutes.jpg\",\"contentUrl\":\"https:\/\/www.fredericdurieux.com\/wp-content\/uploads\/2022\/01\/Portrait-Durieux-Ecoutes.jpg\",\"width\":600,\"height\":646,\"caption\":\"Fr\u00e9d\u00e9ric Durieux\"},\"logo\":{\"@id\":\"https:\/\/www.fredericdurieux.com\/#\/schema\/person\/image\/\"},\"sameAs\":[\"FDurieux\"],\"url\":\"https:\/\/www.fredericdurieux.com\/index.php\/author\/fdurieux\/\"}]}<\/script>\n<!-- \/ Yoast SEO Premium plugin. -->","yoast_head_json":{"title":"Marges II - Fr\u00e9d\u00e9ric Durieux","description":"Bienvenue sur le site de Fr\u00e9d\u00e9ric Durieux, compositeur","robots":{"index":"index","follow":"follow","max-snippet":"max-snippet:-1","max-image-preview":"max-image-preview:large","max-video-preview":"max-video-preview:-1"},"canonical":"https:\/\/www.fredericdurieux.com\/index.php\/1989\/03\/10\/marges-ii\/","og_locale":"fr_FR","og_type":"article","og_title":"Marges II Fr\u00e9d\u00e9ric Durieux - Composer","og_description":"Bienvenue sur le site de Fr\u00e9d\u00e9ric Durieux, compositeur","og_url":"https:\/\/www.fredericdurieux.com\/index.php\/1989\/03\/10\/marges-ii\/","og_site_name":"Fr\u00e9d\u00e9ric Durieux","article_published_time":"1989-03-10T09:15:43+00:00","article_modified_time":"2022-01-14T09:54:31+00:00","og_image":[{"width":1367,"height":753,"url":"https:\/\/www.fredericdurieux.com\/wp-content\/uploads\/2022\/02\/Fre\u0301de\u0301ric-Durieux.png","type":"image\/png"}],"author":"Fr\u00e9d\u00e9ric Durieux","twitter_card":"summary_large_image","twitter_misc":{"\u00c9crit par":"Fr\u00e9d\u00e9ric Durieux","Dur\u00e9e de lecture estim\u00e9e":"1 minute"},"schema":{"@context":"https:\/\/schema.org","@graph":[{"@type":"Article","@id":"https:\/\/www.fredericdurieux.com\/index.php\/1989\/03\/10\/marges-ii\/#article","isPartOf":{"@id":"https:\/\/www.fredericdurieux.com\/index.php\/1989\/03\/10\/marges-ii\/"},"author":{"name":"Fr\u00e9d\u00e9ric Durieux","@id":"https:\/\/www.fredericdurieux.com\/#\/schema\/person\/a33962bb2a339dd50976b2e193f30b79"},"headline":"Marges II (1989) pour piano et 9 instruments","datePublished":"1989-03-10T09:15:43+00:00","dateModified":"2022-01-14T09:54:31+00:00","mainEntityOfPage":{"@id":"https:\/\/www.fredericdurieux.com\/index.php\/1989\/03\/10\/marges-ii\/"},"wordCount":287,"commentCount":0,"publisher":{"@id":"https:\/\/www.fredericdurieux.com\/#\/schema\/person\/a33962bb2a339dd50976b2e193f30b79"},"articleSection":["Instruments Solistes","oeuvres chronologiques"],"inLanguage":"fr-FR","potentialAction":[{"@type":"CommentAction","name":"Comment","target":["https:\/\/www.fredericdurieux.com\/index.php\/1989\/03\/10\/marges-ii\/#respond"]}]},{"@type":"WebPage","@id":"https:\/\/www.fredericdurieux.com\/index.php\/1989\/03\/10\/marges-ii\/","url":"https:\/\/www.fredericdurieux.com\/index.php\/1989\/03\/10\/marges-ii\/","name":"Marges II - Fr\u00e9d\u00e9ric Durieux","isPartOf":{"@id":"https:\/\/www.fredericdurieux.com\/#website"},"datePublished":"1989-03-10T09:15:43+00:00","dateModified":"2022-01-14T09:54:31+00:00","description":"Bienvenue sur le site de Fr\u00e9d\u00e9ric Durieux, compositeur","breadcrumb":{"@id":"https:\/\/www.fredericdurieux.com\/index.php\/1989\/03\/10\/marges-ii\/#breadcrumb"},"inLanguage":"fr-FR","potentialAction":[{"@type":"ReadAction","target":["https:\/\/www.fredericdurieux.com\/index.php\/1989\/03\/10\/marges-ii\/"]}]},{"@type":"BreadcrumbList","@id":"https:\/\/www.fredericdurieux.com\/index.php\/1989\/03\/10\/marges-ii\/#breadcrumb","itemListElement":[{"@type":"ListItem","position":1,"name":"Accueil","item":"https:\/\/www.fredericdurieux.com\/"},{"@type":"ListItem","position":2,"name":"Marges II (1989) pour piano et 9 instruments"}]},{"@type":"WebSite","@id":"https:\/\/www.fredericdurieux.com\/#website","url":"https:\/\/www.fredericdurieux.com\/","name":"Fr\u00e9d\u00e9ric Durieux","description":"Compositeur","publisher":{"@id":"https:\/\/www.fredericdurieux.com\/#\/schema\/person\/a33962bb2a339dd50976b2e193f30b79"},"potentialAction":[{"@type":"SearchAction","target":{"@type":"EntryPoint","urlTemplate":"https:\/\/www.fredericdurieux.com\/?s={search_term_string}"},"query-input":"required name=search_term_string"}],"inLanguage":"fr-FR"},{"@type":["Person","Organization"],"@id":"https:\/\/www.fredericdurieux.com\/#\/schema\/person\/a33962bb2a339dd50976b2e193f30b79","name":"Fr\u00e9d\u00e9ric Durieux","image":{"@type":"ImageObject","inLanguage":"fr-FR","@id":"https:\/\/www.fredericdurieux.com\/#\/schema\/person\/image\/","url":"https:\/\/www.fredericdurieux.com\/wp-content\/uploads\/2022\/01\/Portrait-Durieux-Ecoutes.jpg","contentUrl":"https:\/\/www.fredericdurieux.com\/wp-content\/uploads\/2022\/01\/Portrait-Durieux-Ecoutes.jpg","width":600,"height":646,"caption":"Fr\u00e9d\u00e9ric Durieux"},"logo":{"@id":"https:\/\/www.fredericdurieux.com\/#\/schema\/person\/image\/"},"sameAs":["FDurieux"],"url":"https:\/\/www.fredericdurieux.com\/index.php\/author\/fdurieux\/"}]}},"_links":{"self":[{"href":"https:\/\/www.fredericdurieux.com\/index.php\/wp-json\/wp\/v2\/posts\/1067"}],"collection":[{"href":"https:\/\/www.fredericdurieux.com\/index.php\/wp-json\/wp\/v2\/posts"}],"about":[{"href":"https:\/\/www.fredericdurieux.com\/index.php\/wp-json\/wp\/v2\/types\/post"}],"author":[{"embeddable":true,"href":"https:\/\/www.fredericdurieux.com\/index.php\/wp-json\/wp\/v2\/users\/2"}],"replies":[{"embeddable":true,"href":"https:\/\/www.fredericdurieux.com\/index.php\/wp-json\/wp\/v2\/comments?post=1067"}],"version-history":[{"count":7,"href":"https:\/\/www.fredericdurieux.com\/index.php\/wp-json\/wp\/v2\/posts\/1067\/revisions"}],"predecessor-version":[{"id":1286,"href":"https:\/\/www.fredericdurieux.com\/index.php\/wp-json\/wp\/v2\/posts\/1067\/revisions\/1286"}],"wp:attachment":[{"href":"https:\/\/www.fredericdurieux.com\/index.php\/wp-json\/wp\/v2\/media?parent=1067"}],"wp:term":[{"taxonomy":"category","embeddable":true,"href":"https:\/\/www.fredericdurieux.com\/index.php\/wp-json\/wp\/v2\/categories?post=1067"},{"taxonomy":"post_tag","embeddable":true,"href":"https:\/\/www.fredericdurieux.com\/index.php\/wp-json\/wp\/v2\/tags?post=1067"}],"curies":[{"name":"wp","href":"https:\/\/api.w.org\/{rel}","templated":true}]}}