{"id":1626,"date":"2001-01-19T11:55:33","date_gmt":"2001-01-19T10:55:33","guid":{"rendered":"http:\/\/davidpilette.com\/FD2\/?p=1626"},"modified":"2022-01-19T12:02:46","modified_gmt":"2022-01-19T11:02:46","slug":"werden-devenir-ii","status":"publish","type":"post","link":"https:\/\/www.fredericdurieux.com\/index.php\/2001\/01\/19\/werden-devenir-ii\/","title":{"rendered":" Werden \u2013 Devenir II <br><i><span style='color:#999999;font-size:18px;'>(1993\/2001) pour clarinette & ensemble<\/span><\/i><\/br>"},"content":{"rendered":"\n<p class=\"has-normal-font-size\">(1-1-1-1\/ 0-1-1-0\/ harpe-vibraphone-2 perc.-piano &amp; c\u00e9lesta\/ 1-1-1-1-1 + clarinette solo)<br>Commande de Radio France pour le festival <em>Pr\u00e9sences 2002<\/em><br>Cr\u00e9ation par V\u00e9ronique F\u00e8vre, ensemble 2e2m, dir. Franck Ollu, Festival <em>Pr\u00e9sences 2002 <\/em>de Radio France, Paris f\u00e9vrier 2002<br>D\u00e9dicace&nbsp;: \u00e0 Laurent Bayle<br>Dur\u00e9e&nbsp;: 16 min.<br><a href=\"https:\/\/www.jobert.fr\/\" target=\"_blank\" rel=\"noreferrer noopener\">Editions Jobert<\/a> (Paris)<\/p>\n\n\n\n<p><\/p>\n\n\n\n<p><\/p>\n\n\n\n<p><\/p>\n\n\n\n<p>\u00c0 l\u2019origine de <strong>Werden <\/strong>il y a une partition ant\u00e9rieure, <strong>Devenir <\/strong>(1993), pour clarinette et \u00e9lectronique en temps r\u00e9el. La partie de clarinette de cette partition est transform\u00e9e, prolong\u00e9e et amplifi\u00e9e par des transformations ainsi que par des sons instrumentaux (sons de clarinette et pizzicati <em>Bart\u00f2k <\/em>d\u2019un trio \u00e0 cordes) retravaill\u00e9s dans les studios de l\u2019IRCAM. Au-del\u00e0 de l\u2019aspect technique (voire <em>technologique<\/em>, forc\u00e9ment d\u00e9pass\u00e9 aujourd\u2019hui), ce qui m\u2019a le plus frapp\u00e9, au fur et \u00e0 mesure des ex\u00e9cutions de <strong>Devenir<\/strong>, c\u2019est cette suite de <em>chants<\/em> qui est pour moi l\u2019essentiel de cette partition. Alors que dans un premier temps je ne me concentrais que sur les probl\u00e8mes (mais aussi les r\u00e9ussites&nbsp;!) techniques de la partie \u00e9lectronique, j\u2019ai toujours port\u00e9 davantage mon attention sur le <em>phras\u00e9<\/em>. Pour cette raison, j\u2019ai voulu composer une version instrumentale plus ais\u00e9e \u00e0 donner en concert&nbsp;; <strong>Devenir <\/strong>n\u00e9cessitant un mat\u00e9riel important et co\u00fbteux.&nbsp;<\/p>\n\n\n\n<p>J\u2019ai compos\u00e9 <strong>Werden<\/strong> avant tout comme une transcription de la partition d\u2019origine&nbsp;: \u00e0 peu de choses pr\u00e8s, la partie de clarinette n\u2019a pas \u00e9t\u00e9 retravaill\u00e9e. En revanche, la partie \u00e9lectronique de <strong>Devenir<\/strong> a \u00e9t\u00e9 repens\u00e9e, comme <em>traduite<\/em>. L\u2019essentiel est pr\u00e9serv\u00e9&nbsp;: l\u2019\u00e9l\u00e9gie de la ligne de clarinette ainsi que la courbe formelle.<\/p>\n\n\n\n<p><strong>Werden<\/strong> n\u2019est pas \u00e0 proprement parler un concerto (la partition n\u2019en a d\u2019ailleurs pas le titre). L\u2019\u00e9criture de l\u2019ensemble instrumental est d\u00e9duite de la partie du soliste : les instruments de l\u2019ensemble soulignant les traits de la clarinette solo ou les amplifiant, bien plus qu\u2019ils n\u2019accompagnent. La clarinette est un peu comme un personnage unique qui soliloque et poursuit sa trace, inexorablement, sans se pr\u00e9occuper des autres instruments qui sont en quelque sorte son ombre. Une dizaine de parties s\u2019encha\u00eenent ainsi, sans interruption, jusqu\u2019\u00e0 la derni\u00e8re qui est une sorte de marche fun\u00e8bre : la clarinette solo chante une m\u00e9lodie pour une fois v\u00e9ritablement accompagn\u00e9e par les accords r\u00e9p\u00e9t\u00e9s de l\u2019ensemble qui se figent progressivement jusqu\u2019au silence du soliste.<\/p>\n\n\n\n<p>La <em>d\u00e9clinaison <\/em>de <strong>Devenir<\/strong> se poursuit dans <strong>Initial <\/strong>(<em>Devenir III<\/em>)&nbsp; pour clarinette solo.<\/p>\n\n\n\n<p><strong>Fr\u00e9d\u00e9ric Durieux<\/strong><\/p>\n","protected":false},"excerpt":{"rendered":"<p>(1-1-1-1\/ 0-1-1-0\/ harpe-vibraphone-2 perc.-piano &amp; c\u00e9lesta\/ 1-1-1-1-1 + clarinette solo)Commande de Radio France pour le festival Pr\u00e9sences 2002Cr\u00e9ation par V\u00e9ronique F\u00e8vre, ensemble 2e2m, dir. Franck Ollu, Festival Pr\u00e9sences 2002 de Radio France, Paris f\u00e9vrier 2002D\u00e9dicace&nbsp;: \u00e0 Laurent BayleDur\u00e9e&nbsp;: 16 min.Editions Jobert (Paris) \u00c0 l\u2019origine de Werden il y a une partition ant\u00e9rieure, Devenir (1993), pour [&hellip;]<\/p>\n","protected":false},"author":2,"featured_media":0,"comment_status":"open","ping_status":"open","sticky":false,"template":"","format":"standard","meta":{"_et_pb_use_builder":"off","_et_pb_old_content":"","_et_gb_content_width":"","_monsterinsights_skip_tracking":false,"_monsterinsights_sitenote_active":false,"_monsterinsights_sitenote_note":"","_monsterinsights_sitenote_category":0},"categories":[23,13],"tags":[],"acf":[],"yoast_head":"<!-- This site is optimized with the Yoast SEO Premium plugin v17.9 (Yoast SEO v19.13) - https:\/\/yoast.com\/wordpress\/plugins\/seo\/ -->\n<title>Werden \u2013 Devenir II - Fr\u00e9d\u00e9ric Durieux<\/title>\n<meta name=\"description\" content=\"Bienvenue sur le site de Fr\u00e9d\u00e9ric Durieux, compositeur\" \/>\n<meta name=\"robots\" content=\"index, follow, max-snippet:-1, max-image-preview:large, max-video-preview:-1\" \/>\n<link rel=\"canonical\" href=\"https:\/\/www.fredericdurieux.com\/index.php\/2001\/01\/19\/werden-devenir-ii\/\" \/>\n<meta property=\"og:locale\" content=\"fr_FR\" \/>\n<meta property=\"og:type\" content=\"article\" \/>\n<meta property=\"og:title\" content=\"Werden \u2013 Devenir II Fr\u00e9d\u00e9ric Durieux - Composer\" \/>\n<meta property=\"og:description\" content=\"Bienvenue sur le site de Fr\u00e9d\u00e9ric Durieux, compositeur\" \/>\n<meta property=\"og:url\" content=\"https:\/\/www.fredericdurieux.com\/index.php\/2001\/01\/19\/werden-devenir-ii\/\" \/>\n<meta property=\"og:site_name\" content=\"Fr\u00e9d\u00e9ric Durieux\" \/>\n<meta property=\"article:published_time\" content=\"2001-01-19T10:55:33+00:00\" \/>\n<meta property=\"article:modified_time\" content=\"2022-01-19T11:02:46+00:00\" \/>\n<meta property=\"og:image\" content=\"https:\/\/www.fredericdurieux.com\/wp-content\/uploads\/2022\/02\/Fre\u0301de\u0301ric-Durieux.png\" \/>\n\t<meta property=\"og:image:width\" content=\"1367\" \/>\n\t<meta property=\"og:image:height\" content=\"753\" \/>\n\t<meta property=\"og:image:type\" content=\"image\/png\" \/>\n<meta name=\"author\" content=\"Fr\u00e9d\u00e9ric Durieux\" \/>\n<meta name=\"twitter:card\" content=\"summary_large_image\" \/>\n<meta name=\"twitter:label1\" content=\"\u00c9crit par\" \/>\n\t<meta name=\"twitter:data1\" content=\"Fr\u00e9d\u00e9ric Durieux\" \/>\n\t<meta name=\"twitter:label2\" content=\"Dur\u00e9e de lecture estim\u00e9e\" \/>\n\t<meta name=\"twitter:data2\" content=\"2 minutes\" \/>\n<script type=\"application\/ld+json\" class=\"yoast-schema-graph\">{\"@context\":\"https:\/\/schema.org\",\"@graph\":[{\"@type\":\"Article\",\"@id\":\"https:\/\/www.fredericdurieux.com\/index.php\/2001\/01\/19\/werden-devenir-ii\/#article\",\"isPartOf\":{\"@id\":\"https:\/\/www.fredericdurieux.com\/index.php\/2001\/01\/19\/werden-devenir-ii\/\"},\"author\":{\"name\":\"Fr\u00e9d\u00e9ric Durieux\",\"@id\":\"https:\/\/www.fredericdurieux.com\/#\/schema\/person\/a33962bb2a339dd50976b2e193f30b79\"},\"headline\":\"Werden \u2013 Devenir II (1993\/2001) pour clarinette & ensemble\",\"datePublished\":\"2001-01-19T10:55:33+00:00\",\"dateModified\":\"2022-01-19T11:02:46+00:00\",\"mainEntityOfPage\":{\"@id\":\"https:\/\/www.fredericdurieux.com\/index.php\/2001\/01\/19\/werden-devenir-ii\/\"},\"wordCount\":453,\"commentCount\":0,\"publisher\":{\"@id\":\"https:\/\/www.fredericdurieux.com\/#\/schema\/person\/a33962bb2a339dd50976b2e193f30b79\"},\"articleSection\":[\"Instruments Solistes\",\"oeuvres chronologiques\"],\"inLanguage\":\"fr-FR\",\"potentialAction\":[{\"@type\":\"CommentAction\",\"name\":\"Comment\",\"target\":[\"https:\/\/www.fredericdurieux.com\/index.php\/2001\/01\/19\/werden-devenir-ii\/#respond\"]}]},{\"@type\":\"WebPage\",\"@id\":\"https:\/\/www.fredericdurieux.com\/index.php\/2001\/01\/19\/werden-devenir-ii\/\",\"url\":\"https:\/\/www.fredericdurieux.com\/index.php\/2001\/01\/19\/werden-devenir-ii\/\",\"name\":\"Werden \u2013 Devenir II - Fr\u00e9d\u00e9ric Durieux\",\"isPartOf\":{\"@id\":\"https:\/\/www.fredericdurieux.com\/#website\"},\"datePublished\":\"2001-01-19T10:55:33+00:00\",\"dateModified\":\"2022-01-19T11:02:46+00:00\",\"description\":\"Bienvenue sur le site de Fr\u00e9d\u00e9ric Durieux, compositeur\",\"breadcrumb\":{\"@id\":\"https:\/\/www.fredericdurieux.com\/index.php\/2001\/01\/19\/werden-devenir-ii\/#breadcrumb\"},\"inLanguage\":\"fr-FR\",\"potentialAction\":[{\"@type\":\"ReadAction\",\"target\":[\"https:\/\/www.fredericdurieux.com\/index.php\/2001\/01\/19\/werden-devenir-ii\/\"]}]},{\"@type\":\"BreadcrumbList\",\"@id\":\"https:\/\/www.fredericdurieux.com\/index.php\/2001\/01\/19\/werden-devenir-ii\/#breadcrumb\",\"itemListElement\":[{\"@type\":\"ListItem\",\"position\":1,\"name\":\"Accueil\",\"item\":\"https:\/\/www.fredericdurieux.com\/\"},{\"@type\":\"ListItem\",\"position\":2,\"name\":\"Werden \u2013 Devenir II (1993\/2001) pour clarinette & ensemble\"}]},{\"@type\":\"WebSite\",\"@id\":\"https:\/\/www.fredericdurieux.com\/#website\",\"url\":\"https:\/\/www.fredericdurieux.com\/\",\"name\":\"Fr\u00e9d\u00e9ric Durieux\",\"description\":\"Compositeur\",\"publisher\":{\"@id\":\"https:\/\/www.fredericdurieux.com\/#\/schema\/person\/a33962bb2a339dd50976b2e193f30b79\"},\"potentialAction\":[{\"@type\":\"SearchAction\",\"target\":{\"@type\":\"EntryPoint\",\"urlTemplate\":\"https:\/\/www.fredericdurieux.com\/?s={search_term_string}\"},\"query-input\":\"required name=search_term_string\"}],\"inLanguage\":\"fr-FR\"},{\"@type\":[\"Person\",\"Organization\"],\"@id\":\"https:\/\/www.fredericdurieux.com\/#\/schema\/person\/a33962bb2a339dd50976b2e193f30b79\",\"name\":\"Fr\u00e9d\u00e9ric Durieux\",\"image\":{\"@type\":\"ImageObject\",\"inLanguage\":\"fr-FR\",\"@id\":\"https:\/\/www.fredericdurieux.com\/#\/schema\/person\/image\/\",\"url\":\"https:\/\/www.fredericdurieux.com\/wp-content\/uploads\/2022\/01\/Portrait-Durieux-Ecoutes.jpg\",\"contentUrl\":\"https:\/\/www.fredericdurieux.com\/wp-content\/uploads\/2022\/01\/Portrait-Durieux-Ecoutes.jpg\",\"width\":600,\"height\":646,\"caption\":\"Fr\u00e9d\u00e9ric Durieux\"},\"logo\":{\"@id\":\"https:\/\/www.fredericdurieux.com\/#\/schema\/person\/image\/\"},\"sameAs\":[\"FDurieux\"],\"url\":\"https:\/\/www.fredericdurieux.com\/index.php\/author\/fdurieux\/\"}]}<\/script>\n<!-- \/ Yoast SEO Premium plugin. -->","yoast_head_json":{"title":"Werden \u2013 Devenir II - Fr\u00e9d\u00e9ric Durieux","description":"Bienvenue sur le site de Fr\u00e9d\u00e9ric Durieux, compositeur","robots":{"index":"index","follow":"follow","max-snippet":"max-snippet:-1","max-image-preview":"max-image-preview:large","max-video-preview":"max-video-preview:-1"},"canonical":"https:\/\/www.fredericdurieux.com\/index.php\/2001\/01\/19\/werden-devenir-ii\/","og_locale":"fr_FR","og_type":"article","og_title":"Werden \u2013 Devenir II Fr\u00e9d\u00e9ric Durieux - Composer","og_description":"Bienvenue sur le site de Fr\u00e9d\u00e9ric Durieux, compositeur","og_url":"https:\/\/www.fredericdurieux.com\/index.php\/2001\/01\/19\/werden-devenir-ii\/","og_site_name":"Fr\u00e9d\u00e9ric Durieux","article_published_time":"2001-01-19T10:55:33+00:00","article_modified_time":"2022-01-19T11:02:46+00:00","og_image":[{"width":1367,"height":753,"url":"https:\/\/www.fredericdurieux.com\/wp-content\/uploads\/2022\/02\/Fre\u0301de\u0301ric-Durieux.png","type":"image\/png"}],"author":"Fr\u00e9d\u00e9ric Durieux","twitter_card":"summary_large_image","twitter_misc":{"\u00c9crit par":"Fr\u00e9d\u00e9ric Durieux","Dur\u00e9e de lecture estim\u00e9e":"2 minutes"},"schema":{"@context":"https:\/\/schema.org","@graph":[{"@type":"Article","@id":"https:\/\/www.fredericdurieux.com\/index.php\/2001\/01\/19\/werden-devenir-ii\/#article","isPartOf":{"@id":"https:\/\/www.fredericdurieux.com\/index.php\/2001\/01\/19\/werden-devenir-ii\/"},"author":{"name":"Fr\u00e9d\u00e9ric Durieux","@id":"https:\/\/www.fredericdurieux.com\/#\/schema\/person\/a33962bb2a339dd50976b2e193f30b79"},"headline":"Werden \u2013 Devenir II (1993\/2001) pour clarinette & ensemble","datePublished":"2001-01-19T10:55:33+00:00","dateModified":"2022-01-19T11:02:46+00:00","mainEntityOfPage":{"@id":"https:\/\/www.fredericdurieux.com\/index.php\/2001\/01\/19\/werden-devenir-ii\/"},"wordCount":453,"commentCount":0,"publisher":{"@id":"https:\/\/www.fredericdurieux.com\/#\/schema\/person\/a33962bb2a339dd50976b2e193f30b79"},"articleSection":["Instruments Solistes","oeuvres chronologiques"],"inLanguage":"fr-FR","potentialAction":[{"@type":"CommentAction","name":"Comment","target":["https:\/\/www.fredericdurieux.com\/index.php\/2001\/01\/19\/werden-devenir-ii\/#respond"]}]},{"@type":"WebPage","@id":"https:\/\/www.fredericdurieux.com\/index.php\/2001\/01\/19\/werden-devenir-ii\/","url":"https:\/\/www.fredericdurieux.com\/index.php\/2001\/01\/19\/werden-devenir-ii\/","name":"Werden \u2013 Devenir II - Fr\u00e9d\u00e9ric Durieux","isPartOf":{"@id":"https:\/\/www.fredericdurieux.com\/#website"},"datePublished":"2001-01-19T10:55:33+00:00","dateModified":"2022-01-19T11:02:46+00:00","description":"Bienvenue sur le site de Fr\u00e9d\u00e9ric Durieux, compositeur","breadcrumb":{"@id":"https:\/\/www.fredericdurieux.com\/index.php\/2001\/01\/19\/werden-devenir-ii\/#breadcrumb"},"inLanguage":"fr-FR","potentialAction":[{"@type":"ReadAction","target":["https:\/\/www.fredericdurieux.com\/index.php\/2001\/01\/19\/werden-devenir-ii\/"]}]},{"@type":"BreadcrumbList","@id":"https:\/\/www.fredericdurieux.com\/index.php\/2001\/01\/19\/werden-devenir-ii\/#breadcrumb","itemListElement":[{"@type":"ListItem","position":1,"name":"Accueil","item":"https:\/\/www.fredericdurieux.com\/"},{"@type":"ListItem","position":2,"name":"Werden \u2013 Devenir II (1993\/2001) pour clarinette & ensemble"}]},{"@type":"WebSite","@id":"https:\/\/www.fredericdurieux.com\/#website","url":"https:\/\/www.fredericdurieux.com\/","name":"Fr\u00e9d\u00e9ric Durieux","description":"Compositeur","publisher":{"@id":"https:\/\/www.fredericdurieux.com\/#\/schema\/person\/a33962bb2a339dd50976b2e193f30b79"},"potentialAction":[{"@type":"SearchAction","target":{"@type":"EntryPoint","urlTemplate":"https:\/\/www.fredericdurieux.com\/?s={search_term_string}"},"query-input":"required name=search_term_string"}],"inLanguage":"fr-FR"},{"@type":["Person","Organization"],"@id":"https:\/\/www.fredericdurieux.com\/#\/schema\/person\/a33962bb2a339dd50976b2e193f30b79","name":"Fr\u00e9d\u00e9ric Durieux","image":{"@type":"ImageObject","inLanguage":"fr-FR","@id":"https:\/\/www.fredericdurieux.com\/#\/schema\/person\/image\/","url":"https:\/\/www.fredericdurieux.com\/wp-content\/uploads\/2022\/01\/Portrait-Durieux-Ecoutes.jpg","contentUrl":"https:\/\/www.fredericdurieux.com\/wp-content\/uploads\/2022\/01\/Portrait-Durieux-Ecoutes.jpg","width":600,"height":646,"caption":"Fr\u00e9d\u00e9ric Durieux"},"logo":{"@id":"https:\/\/www.fredericdurieux.com\/#\/schema\/person\/image\/"},"sameAs":["FDurieux"],"url":"https:\/\/www.fredericdurieux.com\/index.php\/author\/fdurieux\/"}]}},"_links":{"self":[{"href":"https:\/\/www.fredericdurieux.com\/index.php\/wp-json\/wp\/v2\/posts\/1626"}],"collection":[{"href":"https:\/\/www.fredericdurieux.com\/index.php\/wp-json\/wp\/v2\/posts"}],"about":[{"href":"https:\/\/www.fredericdurieux.com\/index.php\/wp-json\/wp\/v2\/types\/post"}],"author":[{"embeddable":true,"href":"https:\/\/www.fredericdurieux.com\/index.php\/wp-json\/wp\/v2\/users\/2"}],"replies":[{"embeddable":true,"href":"https:\/\/www.fredericdurieux.com\/index.php\/wp-json\/wp\/v2\/comments?post=1626"}],"version-history":[{"count":3,"href":"https:\/\/www.fredericdurieux.com\/index.php\/wp-json\/wp\/v2\/posts\/1626\/revisions"}],"predecessor-version":[{"id":1630,"href":"https:\/\/www.fredericdurieux.com\/index.php\/wp-json\/wp\/v2\/posts\/1626\/revisions\/1630"}],"wp:attachment":[{"href":"https:\/\/www.fredericdurieux.com\/index.php\/wp-json\/wp\/v2\/media?parent=1626"}],"wp:term":[{"taxonomy":"category","embeddable":true,"href":"https:\/\/www.fredericdurieux.com\/index.php\/wp-json\/wp\/v2\/categories?post=1626"},{"taxonomy":"post_tag","embeddable":true,"href":"https:\/\/www.fredericdurieux.com\/index.php\/wp-json\/wp\/v2\/tags?post=1626"}],"curies":[{"name":"wp","href":"https:\/\/api.w.org\/{rel}","templated":true}]}}