{"id":1672,"date":"2010-01-19T13:40:03","date_gmt":"2010-01-19T12:40:03","guid":{"rendered":"http:\/\/davidpilette.com\/FD2\/?p=1672"},"modified":"2022-01-19T13:42:42","modified_gmt":"2022-01-19T12:42:42","slug":"ubersicht-ii","status":"publish","type":"post","link":"https:\/\/www.fredericdurieux.com\/index.php\/2010\/01\/19\/ubersicht-ii\/","title":{"rendered":" \u00dcbersicht II <br><i><span style='color:#999999;font-size:18px;'>(2009-10), pour saxophone t\u00e9nor<\/span><\/i><\/br>"},"content":{"rendered":"\n<p class=\"has-normal-font-size\">Dur\u00e9e\u00a0: 16 minutes<br>Cr\u00e9ation\u00a0: Conservatoire de Paris, 14 juin 2010<br>D\u00e9dicace\u00a0: \u00e0 Claude Delangle &amp; Alexandre Souillart<br>Edizioni Musicali RAI Com (Roma, Milano)<\/p>\n\n\n\n<p><\/p>\n\n\n\n<p><\/p>\n\n\n\n<p><\/p>\n\n\n\n<p><strong>\u00dcbersicht II <\/strong>est une extension de <strong>\u00dcbersicht Ia <\/strong><em>(pour saxophone baryton, 2008)<\/em>&amp; <strong>Ib <\/strong><em>(transcription de la partition initiale pour saxophone t\u00e9nor, 2009)<\/em>. Cette extension est constitu\u00e9e de d\u00e9veloppements et de variations des figures musicales contenues dans <strong>\u00dcbersicht I<\/strong> et \u00e9tait pr\u00e9vue d\u00e8s l\u2019origine de cette partition, premi\u00e8re \u00e9tape qui comprendra quatre \u0153uvres&nbsp;: <strong>\u00dcbersicht I &amp; II <\/strong>pour saxophone solo&nbsp;; <strong>\u00dcbersicht III <\/strong>&nbsp;pour saxophone, piano &amp; percussion&nbsp;; la derni\u00e8re \u00e9tape, <strong>\u00dcbersicht IV<\/strong>, devant \u00eatre une sorte de concerto pour saxophone solo &amp; ensemble.<\/p>\n\n\n\n<p>En allemand, <em>\u00dcbersicht<\/em> signifie \u00e0 la fois la capacit\u00e9 de prendre du recul ou une vue d\u2019ensemble&nbsp;; ce mot se traduit \u00e9galement par <em>aper\u00e7u<\/em>. \u00c0 l\u2019origine, j\u2019avais choisi ce titre en r\u00e9f\u00e9rence \u00e0 une s\u00e9rie d\u2019\u0153uvres du plasticien Gerhard Richter \u00e0 qui je voulais rendre hommage.<\/p>\n\n\n\n<p>Bien entendu, il ne s\u2019agit pas pour moi de transcrire ou de traduire en sons des \u0153uvres de Richter, ce genre d\u2019\u00e9quivalence n\u2019ayant pour moi que peu de pertinence. En revanche, la notion d\u2019aper\u00e7u visuel peut trouver un pendant dans la perception musicale. Dans la s\u00e9rie des <strong>\u00dcbersicht<\/strong>, je mets l\u2019accent sur une s\u00e9rie de courtes figures qui sont tant\u00f4t furtives, tant\u00f4t plus d\u00e9velopp\u00e9es. Les partitions du cycle jouent sur la m\u00e9moire de l\u2019auditeur qui est confront\u00e9 \u00e0 des objets musicaux qui vont, viennent et reviennent sans cesse&nbsp;; \u00e0 certains moments, certaines figures musicales s\u2019installent plus durablement et sont d\u00e9velopp\u00e9es. J\u2019aime \u00e0 ce propos \u00e9voquer les deux termes allemands de <em>Entwicklung<\/em> qui signifie \u00e0 la fois d\u00e9veloppement, excroissance, prolif\u00e9ration, \u00e9laboration et formation&nbsp;; et de <em>Durchf\u00fchrung<\/em> \u2013 litt\u00e9ralement <em>conduite \u00e0 travers &#8211; <\/em>qui signifie r\u00e9alisation et qui correspond au d\u00e9veloppement tonal tel qu\u2019on le trouve notamment dans la forme sonate. Ces deux principes de <em>Entwicklung<\/em> et de <em>Durchf\u00fchrung<\/em> constituent les fondements de la composition du cycle des <strong>\u00dcbersicht<\/strong>.<\/p>\n\n\n\n<p><strong>\u00dcbersicht II<\/strong> est d\u00e9di\u00e9 \u00e0 Claude Delangle et Alexandre Souillart \u00e0 qui cette partition doit beaucoup.<\/p>\n\n\n\n<p><strong>Fr\u00e9d\u00e9ric Durieux<\/strong><\/p>\n","protected":false},"excerpt":{"rendered":"<p>Dur\u00e9e\u00a0: 16 minutesCr\u00e9ation\u00a0: Conservatoire de Paris, 14 juin 2010D\u00e9dicace\u00a0: \u00e0 Claude Delangle &amp; Alexandre SouillartEdizioni Musicali RAI Com (Roma, Milano) \u00dcbersicht II est une extension de \u00dcbersicht Ia (pour saxophone baryton, 2008)&amp; Ib (transcription de la partition initiale pour saxophone t\u00e9nor, 2009). Cette extension est constitu\u00e9e de d\u00e9veloppements et de variations des figures musicales contenues [&hellip;]<\/p>\n","protected":false},"author":2,"featured_media":0,"comment_status":"open","ping_status":"open","sticky":false,"template":"","format":"standard","meta":{"_et_pb_use_builder":"off","_et_pb_old_content":"","_et_gb_content_width":"","_monsterinsights_skip_tracking":false,"_monsterinsights_sitenote_active":false,"_monsterinsights_sitenote_note":"","_monsterinsights_sitenote_category":0},"categories":[17,13],"tags":[],"acf":[],"yoast_head":"<!-- This site is optimized with the Yoast SEO Premium plugin v17.9 (Yoast SEO v19.13) - https:\/\/yoast.com\/wordpress\/plugins\/seo\/ -->\n<title>\u00dcbersicht II - Fr\u00e9d\u00e9ric Durieux<\/title>\n<meta name=\"description\" content=\"Bienvenue sur le site de Fr\u00e9d\u00e9ric Durieux, compositeur\" \/>\n<meta name=\"robots\" content=\"index, follow, max-snippet:-1, max-image-preview:large, max-video-preview:-1\" \/>\n<link rel=\"canonical\" href=\"https:\/\/www.fredericdurieux.com\/index.php\/2010\/01\/19\/ubersicht-ii\/\" \/>\n<meta property=\"og:locale\" content=\"fr_FR\" \/>\n<meta property=\"og:type\" content=\"article\" \/>\n<meta property=\"og:title\" content=\"\u00dcbersicht II Fr\u00e9d\u00e9ric Durieux - Composer\" \/>\n<meta property=\"og:description\" content=\"Bienvenue sur le site de Fr\u00e9d\u00e9ric Durieux, compositeur\" \/>\n<meta property=\"og:url\" content=\"https:\/\/www.fredericdurieux.com\/index.php\/2010\/01\/19\/ubersicht-ii\/\" \/>\n<meta property=\"og:site_name\" content=\"Fr\u00e9d\u00e9ric Durieux\" \/>\n<meta property=\"article:published_time\" content=\"2010-01-19T12:40:03+00:00\" \/>\n<meta property=\"article:modified_time\" content=\"2022-01-19T12:42:42+00:00\" \/>\n<meta property=\"og:image\" content=\"https:\/\/www.fredericdurieux.com\/wp-content\/uploads\/2022\/02\/Fre\u0301de\u0301ric-Durieux.png\" \/>\n\t<meta property=\"og:image:width\" content=\"1367\" \/>\n\t<meta property=\"og:image:height\" content=\"753\" \/>\n\t<meta property=\"og:image:type\" content=\"image\/png\" \/>\n<meta name=\"author\" content=\"Fr\u00e9d\u00e9ric Durieux\" \/>\n<meta name=\"twitter:card\" content=\"summary_large_image\" \/>\n<meta name=\"twitter:label1\" content=\"\u00c9crit par\" \/>\n\t<meta name=\"twitter:data1\" content=\"Fr\u00e9d\u00e9ric Durieux\" \/>\n\t<meta name=\"twitter:label2\" content=\"Dur\u00e9e de lecture estim\u00e9e\" \/>\n\t<meta name=\"twitter:data2\" content=\"2 minutes\" \/>\n<script type=\"application\/ld+json\" class=\"yoast-schema-graph\">{\"@context\":\"https:\/\/schema.org\",\"@graph\":[{\"@type\":\"Article\",\"@id\":\"https:\/\/www.fredericdurieux.com\/index.php\/2010\/01\/19\/ubersicht-ii\/#article\",\"isPartOf\":{\"@id\":\"https:\/\/www.fredericdurieux.com\/index.php\/2010\/01\/19\/ubersicht-ii\/\"},\"author\":{\"name\":\"Fr\u00e9d\u00e9ric Durieux\",\"@id\":\"https:\/\/www.fredericdurieux.com\/#\/schema\/person\/a33962bb2a339dd50976b2e193f30b79\"},\"headline\":\"\u00dcbersicht II (2009-10), pour saxophone t\u00e9nor\",\"datePublished\":\"2010-01-19T12:40:03+00:00\",\"dateModified\":\"2022-01-19T12:42:42+00:00\",\"mainEntityOfPage\":{\"@id\":\"https:\/\/www.fredericdurieux.com\/index.php\/2010\/01\/19\/ubersicht-ii\/\"},\"wordCount\":374,\"commentCount\":0,\"publisher\":{\"@id\":\"https:\/\/www.fredericdurieux.com\/#\/schema\/person\/a33962bb2a339dd50976b2e193f30b79\"},\"articleSection\":[\"Instruments Seuls\",\"oeuvres chronologiques\"],\"inLanguage\":\"fr-FR\",\"potentialAction\":[{\"@type\":\"CommentAction\",\"name\":\"Comment\",\"target\":[\"https:\/\/www.fredericdurieux.com\/index.php\/2010\/01\/19\/ubersicht-ii\/#respond\"]}]},{\"@type\":\"WebPage\",\"@id\":\"https:\/\/www.fredericdurieux.com\/index.php\/2010\/01\/19\/ubersicht-ii\/\",\"url\":\"https:\/\/www.fredericdurieux.com\/index.php\/2010\/01\/19\/ubersicht-ii\/\",\"name\":\"\u00dcbersicht II - Fr\u00e9d\u00e9ric Durieux\",\"isPartOf\":{\"@id\":\"https:\/\/www.fredericdurieux.com\/#website\"},\"datePublished\":\"2010-01-19T12:40:03+00:00\",\"dateModified\":\"2022-01-19T12:42:42+00:00\",\"description\":\"Bienvenue sur le site de Fr\u00e9d\u00e9ric Durieux, compositeur\",\"breadcrumb\":{\"@id\":\"https:\/\/www.fredericdurieux.com\/index.php\/2010\/01\/19\/ubersicht-ii\/#breadcrumb\"},\"inLanguage\":\"fr-FR\",\"potentialAction\":[{\"@type\":\"ReadAction\",\"target\":[\"https:\/\/www.fredericdurieux.com\/index.php\/2010\/01\/19\/ubersicht-ii\/\"]}]},{\"@type\":\"BreadcrumbList\",\"@id\":\"https:\/\/www.fredericdurieux.com\/index.php\/2010\/01\/19\/ubersicht-ii\/#breadcrumb\",\"itemListElement\":[{\"@type\":\"ListItem\",\"position\":1,\"name\":\"Accueil\",\"item\":\"https:\/\/www.fredericdurieux.com\/\"},{\"@type\":\"ListItem\",\"position\":2,\"name\":\"\u00dcbersicht II (2009-10), pour saxophone t\u00e9nor\"}]},{\"@type\":\"WebSite\",\"@id\":\"https:\/\/www.fredericdurieux.com\/#website\",\"url\":\"https:\/\/www.fredericdurieux.com\/\",\"name\":\"Fr\u00e9d\u00e9ric Durieux\",\"description\":\"Compositeur\",\"publisher\":{\"@id\":\"https:\/\/www.fredericdurieux.com\/#\/schema\/person\/a33962bb2a339dd50976b2e193f30b79\"},\"potentialAction\":[{\"@type\":\"SearchAction\",\"target\":{\"@type\":\"EntryPoint\",\"urlTemplate\":\"https:\/\/www.fredericdurieux.com\/?s={search_term_string}\"},\"query-input\":\"required name=search_term_string\"}],\"inLanguage\":\"fr-FR\"},{\"@type\":[\"Person\",\"Organization\"],\"@id\":\"https:\/\/www.fredericdurieux.com\/#\/schema\/person\/a33962bb2a339dd50976b2e193f30b79\",\"name\":\"Fr\u00e9d\u00e9ric Durieux\",\"image\":{\"@type\":\"ImageObject\",\"inLanguage\":\"fr-FR\",\"@id\":\"https:\/\/www.fredericdurieux.com\/#\/schema\/person\/image\/\",\"url\":\"https:\/\/www.fredericdurieux.com\/wp-content\/uploads\/2022\/01\/Portrait-Durieux-Ecoutes.jpg\",\"contentUrl\":\"https:\/\/www.fredericdurieux.com\/wp-content\/uploads\/2022\/01\/Portrait-Durieux-Ecoutes.jpg\",\"width\":600,\"height\":646,\"caption\":\"Fr\u00e9d\u00e9ric Durieux\"},\"logo\":{\"@id\":\"https:\/\/www.fredericdurieux.com\/#\/schema\/person\/image\/\"},\"sameAs\":[\"FDurieux\"],\"url\":\"https:\/\/www.fredericdurieux.com\/index.php\/author\/fdurieux\/\"}]}<\/script>\n<!-- \/ Yoast SEO Premium plugin. -->","yoast_head_json":{"title":"\u00dcbersicht II - Fr\u00e9d\u00e9ric Durieux","description":"Bienvenue sur le site de Fr\u00e9d\u00e9ric Durieux, compositeur","robots":{"index":"index","follow":"follow","max-snippet":"max-snippet:-1","max-image-preview":"max-image-preview:large","max-video-preview":"max-video-preview:-1"},"canonical":"https:\/\/www.fredericdurieux.com\/index.php\/2010\/01\/19\/ubersicht-ii\/","og_locale":"fr_FR","og_type":"article","og_title":"\u00dcbersicht II Fr\u00e9d\u00e9ric Durieux - Composer","og_description":"Bienvenue sur le site de Fr\u00e9d\u00e9ric Durieux, compositeur","og_url":"https:\/\/www.fredericdurieux.com\/index.php\/2010\/01\/19\/ubersicht-ii\/","og_site_name":"Fr\u00e9d\u00e9ric Durieux","article_published_time":"2010-01-19T12:40:03+00:00","article_modified_time":"2022-01-19T12:42:42+00:00","og_image":[{"width":1367,"height":753,"url":"https:\/\/www.fredericdurieux.com\/wp-content\/uploads\/2022\/02\/Fre\u0301de\u0301ric-Durieux.png","type":"image\/png"}],"author":"Fr\u00e9d\u00e9ric Durieux","twitter_card":"summary_large_image","twitter_misc":{"\u00c9crit par":"Fr\u00e9d\u00e9ric Durieux","Dur\u00e9e de lecture estim\u00e9e":"2 minutes"},"schema":{"@context":"https:\/\/schema.org","@graph":[{"@type":"Article","@id":"https:\/\/www.fredericdurieux.com\/index.php\/2010\/01\/19\/ubersicht-ii\/#article","isPartOf":{"@id":"https:\/\/www.fredericdurieux.com\/index.php\/2010\/01\/19\/ubersicht-ii\/"},"author":{"name":"Fr\u00e9d\u00e9ric Durieux","@id":"https:\/\/www.fredericdurieux.com\/#\/schema\/person\/a33962bb2a339dd50976b2e193f30b79"},"headline":"\u00dcbersicht II (2009-10), pour saxophone t\u00e9nor","datePublished":"2010-01-19T12:40:03+00:00","dateModified":"2022-01-19T12:42:42+00:00","mainEntityOfPage":{"@id":"https:\/\/www.fredericdurieux.com\/index.php\/2010\/01\/19\/ubersicht-ii\/"},"wordCount":374,"commentCount":0,"publisher":{"@id":"https:\/\/www.fredericdurieux.com\/#\/schema\/person\/a33962bb2a339dd50976b2e193f30b79"},"articleSection":["Instruments Seuls","oeuvres chronologiques"],"inLanguage":"fr-FR","potentialAction":[{"@type":"CommentAction","name":"Comment","target":["https:\/\/www.fredericdurieux.com\/index.php\/2010\/01\/19\/ubersicht-ii\/#respond"]}]},{"@type":"WebPage","@id":"https:\/\/www.fredericdurieux.com\/index.php\/2010\/01\/19\/ubersicht-ii\/","url":"https:\/\/www.fredericdurieux.com\/index.php\/2010\/01\/19\/ubersicht-ii\/","name":"\u00dcbersicht II - Fr\u00e9d\u00e9ric Durieux","isPartOf":{"@id":"https:\/\/www.fredericdurieux.com\/#website"},"datePublished":"2010-01-19T12:40:03+00:00","dateModified":"2022-01-19T12:42:42+00:00","description":"Bienvenue sur le site de Fr\u00e9d\u00e9ric Durieux, compositeur","breadcrumb":{"@id":"https:\/\/www.fredericdurieux.com\/index.php\/2010\/01\/19\/ubersicht-ii\/#breadcrumb"},"inLanguage":"fr-FR","potentialAction":[{"@type":"ReadAction","target":["https:\/\/www.fredericdurieux.com\/index.php\/2010\/01\/19\/ubersicht-ii\/"]}]},{"@type":"BreadcrumbList","@id":"https:\/\/www.fredericdurieux.com\/index.php\/2010\/01\/19\/ubersicht-ii\/#breadcrumb","itemListElement":[{"@type":"ListItem","position":1,"name":"Accueil","item":"https:\/\/www.fredericdurieux.com\/"},{"@type":"ListItem","position":2,"name":"\u00dcbersicht II (2009-10), pour saxophone t\u00e9nor"}]},{"@type":"WebSite","@id":"https:\/\/www.fredericdurieux.com\/#website","url":"https:\/\/www.fredericdurieux.com\/","name":"Fr\u00e9d\u00e9ric Durieux","description":"Compositeur","publisher":{"@id":"https:\/\/www.fredericdurieux.com\/#\/schema\/person\/a33962bb2a339dd50976b2e193f30b79"},"potentialAction":[{"@type":"SearchAction","target":{"@type":"EntryPoint","urlTemplate":"https:\/\/www.fredericdurieux.com\/?s={search_term_string}"},"query-input":"required name=search_term_string"}],"inLanguage":"fr-FR"},{"@type":["Person","Organization"],"@id":"https:\/\/www.fredericdurieux.com\/#\/schema\/person\/a33962bb2a339dd50976b2e193f30b79","name":"Fr\u00e9d\u00e9ric Durieux","image":{"@type":"ImageObject","inLanguage":"fr-FR","@id":"https:\/\/www.fredericdurieux.com\/#\/schema\/person\/image\/","url":"https:\/\/www.fredericdurieux.com\/wp-content\/uploads\/2022\/01\/Portrait-Durieux-Ecoutes.jpg","contentUrl":"https:\/\/www.fredericdurieux.com\/wp-content\/uploads\/2022\/01\/Portrait-Durieux-Ecoutes.jpg","width":600,"height":646,"caption":"Fr\u00e9d\u00e9ric Durieux"},"logo":{"@id":"https:\/\/www.fredericdurieux.com\/#\/schema\/person\/image\/"},"sameAs":["FDurieux"],"url":"https:\/\/www.fredericdurieux.com\/index.php\/author\/fdurieux\/"}]}},"_links":{"self":[{"href":"https:\/\/www.fredericdurieux.com\/index.php\/wp-json\/wp\/v2\/posts\/1672"}],"collection":[{"href":"https:\/\/www.fredericdurieux.com\/index.php\/wp-json\/wp\/v2\/posts"}],"about":[{"href":"https:\/\/www.fredericdurieux.com\/index.php\/wp-json\/wp\/v2\/types\/post"}],"author":[{"embeddable":true,"href":"https:\/\/www.fredericdurieux.com\/index.php\/wp-json\/wp\/v2\/users\/2"}],"replies":[{"embeddable":true,"href":"https:\/\/www.fredericdurieux.com\/index.php\/wp-json\/wp\/v2\/comments?post=1672"}],"version-history":[{"count":2,"href":"https:\/\/www.fredericdurieux.com\/index.php\/wp-json\/wp\/v2\/posts\/1672\/revisions"}],"predecessor-version":[{"id":1675,"href":"https:\/\/www.fredericdurieux.com\/index.php\/wp-json\/wp\/v2\/posts\/1672\/revisions\/1675"}],"wp:attachment":[{"href":"https:\/\/www.fredericdurieux.com\/index.php\/wp-json\/wp\/v2\/media?parent=1672"}],"wp:term":[{"taxonomy":"category","embeddable":true,"href":"https:\/\/www.fredericdurieux.com\/index.php\/wp-json\/wp\/v2\/categories?post=1672"},{"taxonomy":"post_tag","embeddable":true,"href":"https:\/\/www.fredericdurieux.com\/index.php\/wp-json\/wp\/v2\/tags?post=1672"}],"curies":[{"name":"wp","href":"https:\/\/api.w.org\/{rel}","templated":true}]}}