{"id":1685,"date":"2014-01-19T14:45:19","date_gmt":"2014-01-19T13:45:19","guid":{"rendered":"http:\/\/davidpilette.com\/FD2\/?p=1685"},"modified":"2026-04-08T07:23:17","modified_gmt":"2026-04-08T05:23:17","slug":"poursuivre","status":"publish","type":"post","link":"https:\/\/www.fredericdurieux.com\/index.php\/2014\/01\/19\/poursuivre\/","title":{"rendered":" Poursuivre <br><i><span style='color:#999999;font-size:18px;'>(2013-14), pour violon, violoncelle & accord\u00e9on<\/span><\/i><\/br>"},"content":{"rendered":"\n<p class=\"has-normal-font-size\">Commande du Festival du Printemps des Arts de Monaco pour son XXX<sup>e<\/sup> anniversaire<br>Dur\u00e9e\u00a0: 3 minutes<br>Cr\u00e9ation\u00a0: 28 mars 2014, Salle Rainier III, Monaco<br>Constance Ronzatti, violon<br>Askar Ishangaliyev, violoncelle<br>Vincent Lhermet, accord\u00e9on<br>D\u00e9dicace\u00a0: \u00e0 Marc Monnet<br>Edizioni Musicali RAI Com (Roma, Milano)<br><em>Version augment\u00e9e en cours, Poursuivre 2\u00a0???<\/em><\/p>\n","protected":false},"excerpt":{"rendered":"<p>Commande du Festival du Printemps des Arts de Monaco pour son XXXe anniversaireDur\u00e9e\u00a0: 3 minutesCr\u00e9ation\u00a0: 28 mars 2014, Salle Rainier III, MonacoConstance Ronzatti, violonAskar Ishangaliyev, violoncelleVincent Lhermet, accord\u00e9onD\u00e9dicace\u00a0: \u00e0 Marc MonnetEdizioni Musicali RAI Com (Roma, Milano)Version augment\u00e9e en cours, Poursuivre 2\u00a0???<\/p>\n","protected":false},"author":1,"featured_media":0,"comment_status":"open","ping_status":"open","sticky":false,"template":"","format":"standard","meta":{"_et_pb_use_builder":"off","_et_pb_old_content":"","_et_gb_content_width":"","_monsterinsights_skip_tracking":false,"_monsterinsights_sitenote_active":false,"_monsterinsights_sitenote_note":"","_monsterinsights_sitenote_category":0},"categories":[16,13],"tags":[],"acf":[],"yoast_head":"<!-- This site is optimized with the Yoast SEO Premium plugin v17.9 (Yoast SEO v19.13) - https:\/\/yoast.com\/wordpress\/plugins\/seo\/ -->\n<title>Poursuivre - Fr\u00e9d\u00e9ric Durieux<\/title>\n<meta name=\"description\" content=\"Bienvenue sur le site de Fr\u00e9d\u00e9ric Durieux, compositeur\" \/>\n<meta name=\"robots\" content=\"index, follow, max-snippet:-1, max-image-preview:large, max-video-preview:-1\" \/>\n<link rel=\"canonical\" href=\"https:\/\/www.fredericdurieux.com\/index.php\/2014\/01\/19\/poursuivre\/\" \/>\n<meta property=\"og:locale\" content=\"fr_FR\" \/>\n<meta property=\"og:type\" content=\"article\" \/>\n<meta property=\"og:title\" content=\"Poursuivre Fr\u00e9d\u00e9ric Durieux - Composer\" \/>\n<meta property=\"og:description\" content=\"Bienvenue sur le site de Fr\u00e9d\u00e9ric Durieux, compositeur\" \/>\n<meta property=\"og:url\" content=\"https:\/\/www.fredericdurieux.com\/index.php\/2014\/01\/19\/poursuivre\/\" \/>\n<meta property=\"og:site_name\" content=\"Fr\u00e9d\u00e9ric Durieux\" \/>\n<meta property=\"article:published_time\" content=\"2014-01-19T13:45:19+00:00\" \/>\n<meta property=\"article:modified_time\" content=\"2026-04-08T05:23:17+00:00\" \/>\n<meta property=\"og:image\" content=\"https:\/\/www.fredericdurieux.com\/wp-content\/uploads\/2022\/02\/Fre\u0301de\u0301ric-Durieux.png\" \/>\n\t<meta property=\"og:image:width\" content=\"1367\" \/>\n\t<meta property=\"og:image:height\" content=\"753\" \/>\n\t<meta property=\"og:image:type\" content=\"image\/png\" \/>\n<meta name=\"author\" content=\"David\" \/>\n<meta name=\"twitter:card\" content=\"summary_large_image\" \/>\n<meta name=\"twitter:label1\" content=\"\u00c9crit par\" \/>\n\t<meta name=\"twitter:data1\" content=\"David\" \/>\n<script type=\"application\/ld+json\" class=\"yoast-schema-graph\">{\"@context\":\"https:\/\/schema.org\",\"@graph\":[{\"@type\":\"Article\",\"@id\":\"https:\/\/www.fredericdurieux.com\/index.php\/2014\/01\/19\/poursuivre\/#article\",\"isPartOf\":{\"@id\":\"https:\/\/www.fredericdurieux.com\/index.php\/2014\/01\/19\/poursuivre\/\"},\"author\":{\"name\":\"David\",\"@id\":\"https:\/\/www.fredericdurieux.com\/#\/schema\/person\/9a3ee17e8a4369e2063f47ab77b19af9\"},\"headline\":\"Poursuivre (2013-14), pour violon, violoncelle & accord\u00e9on\",\"datePublished\":\"2014-01-19T13:45:19+00:00\",\"dateModified\":\"2026-04-08T05:23:17+00:00\",\"mainEntityOfPage\":{\"@id\":\"https:\/\/www.fredericdurieux.com\/index.php\/2014\/01\/19\/poursuivre\/\"},\"wordCount\":43,\"commentCount\":0,\"publisher\":{\"@id\":\"https:\/\/www.fredericdurieux.com\/#\/schema\/person\/a33962bb2a339dd50976b2e193f30b79\"},\"articleSection\":[\"Musique de Chambre\",\"oeuvres chronologiques\"],\"inLanguage\":\"fr-FR\",\"potentialAction\":[{\"@type\":\"CommentAction\",\"name\":\"Comment\",\"target\":[\"https:\/\/www.fredericdurieux.com\/index.php\/2014\/01\/19\/poursuivre\/#respond\"]}]},{\"@type\":\"WebPage\",\"@id\":\"https:\/\/www.fredericdurieux.com\/index.php\/2014\/01\/19\/poursuivre\/\",\"url\":\"https:\/\/www.fredericdurieux.com\/index.php\/2014\/01\/19\/poursuivre\/\",\"name\":\"Poursuivre - Fr\u00e9d\u00e9ric Durieux\",\"isPartOf\":{\"@id\":\"https:\/\/www.fredericdurieux.com\/#website\"},\"datePublished\":\"2014-01-19T13:45:19+00:00\",\"dateModified\":\"2026-04-08T05:23:17+00:00\",\"description\":\"Bienvenue sur le site de Fr\u00e9d\u00e9ric Durieux, compositeur\",\"breadcrumb\":{\"@id\":\"https:\/\/www.fredericdurieux.com\/index.php\/2014\/01\/19\/poursuivre\/#breadcrumb\"},\"inLanguage\":\"fr-FR\",\"potentialAction\":[{\"@type\":\"ReadAction\",\"target\":[\"https:\/\/www.fredericdurieux.com\/index.php\/2014\/01\/19\/poursuivre\/\"]}]},{\"@type\":\"BreadcrumbList\",\"@id\":\"https:\/\/www.fredericdurieux.com\/index.php\/2014\/01\/19\/poursuivre\/#breadcrumb\",\"itemListElement\":[{\"@type\":\"ListItem\",\"position\":1,\"name\":\"Accueil\",\"item\":\"https:\/\/www.fredericdurieux.com\/\"},{\"@type\":\"ListItem\",\"position\":2,\"name\":\"Poursuivre\"}]},{\"@type\":\"WebSite\",\"@id\":\"https:\/\/www.fredericdurieux.com\/#website\",\"url\":\"https:\/\/www.fredericdurieux.com\/\",\"name\":\"Fr\u00e9d\u00e9ric Durieux\",\"description\":\"Compositeur\",\"publisher\":{\"@id\":\"https:\/\/www.fredericdurieux.com\/#\/schema\/person\/a33962bb2a339dd50976b2e193f30b79\"},\"potentialAction\":[{\"@type\":\"SearchAction\",\"target\":{\"@type\":\"EntryPoint\",\"urlTemplate\":\"https:\/\/www.fredericdurieux.com\/?s={search_term_string}\"},\"query-input\":\"required name=search_term_string\"}],\"inLanguage\":\"fr-FR\"},{\"@type\":[\"Person\",\"Organization\"],\"@id\":\"https:\/\/www.fredericdurieux.com\/#\/schema\/person\/a33962bb2a339dd50976b2e193f30b79\",\"name\":\"Fr\u00e9d\u00e9ric Durieux\",\"image\":{\"@type\":\"ImageObject\",\"inLanguage\":\"fr-FR\",\"@id\":\"https:\/\/www.fredericdurieux.com\/#\/schema\/person\/image\/\",\"url\":\"https:\/\/www.fredericdurieux.com\/wp-content\/uploads\/2022\/01\/Portrait-Durieux-Ecoutes.jpg\",\"contentUrl\":\"https:\/\/www.fredericdurieux.com\/wp-content\/uploads\/2022\/01\/Portrait-Durieux-Ecoutes.jpg\",\"width\":600,\"height\":646,\"caption\":\"Fr\u00e9d\u00e9ric Durieux\"},\"logo\":{\"@id\":\"https:\/\/www.fredericdurieux.com\/#\/schema\/person\/image\/\"},\"sameAs\":[\"FDurieux\"]},{\"@type\":\"Person\",\"@id\":\"https:\/\/www.fredericdurieux.com\/#\/schema\/person\/9a3ee17e8a4369e2063f47ab77b19af9\",\"name\":\"David\",\"image\":{\"@type\":\"ImageObject\",\"inLanguage\":\"fr-FR\",\"@id\":\"https:\/\/www.fredericdurieux.com\/#\/schema\/person\/image\/\",\"url\":\"https:\/\/secure.gravatar.com\/avatar\/7cb679907503228dcb0ba73951a61bf7?s=96&d=mm&r=g\",\"contentUrl\":\"https:\/\/secure.gravatar.com\/avatar\/7cb679907503228dcb0ba73951a61bf7?s=96&d=mm&r=g\",\"caption\":\"David\"},\"sameAs\":[\"https:\/\/www.fredericdurieux.com\"],\"url\":\"https:\/\/www.fredericdurieux.com\/index.php\/author\/david\/\"}]}<\/script>\n<!-- \/ Yoast SEO Premium plugin. -->","yoast_head_json":{"title":"Poursuivre - Fr\u00e9d\u00e9ric Durieux","description":"Bienvenue sur le site de Fr\u00e9d\u00e9ric Durieux, compositeur","robots":{"index":"index","follow":"follow","max-snippet":"max-snippet:-1","max-image-preview":"max-image-preview:large","max-video-preview":"max-video-preview:-1"},"canonical":"https:\/\/www.fredericdurieux.com\/index.php\/2014\/01\/19\/poursuivre\/","og_locale":"fr_FR","og_type":"article","og_title":"Poursuivre Fr\u00e9d\u00e9ric Durieux - Composer","og_description":"Bienvenue sur le site de Fr\u00e9d\u00e9ric Durieux, compositeur","og_url":"https:\/\/www.fredericdurieux.com\/index.php\/2014\/01\/19\/poursuivre\/","og_site_name":"Fr\u00e9d\u00e9ric Durieux","article_published_time":"2014-01-19T13:45:19+00:00","article_modified_time":"2026-04-08T05:23:17+00:00","og_image":[{"width":1367,"height":753,"url":"https:\/\/www.fredericdurieux.com\/wp-content\/uploads\/2022\/02\/Fre\u0301de\u0301ric-Durieux.png","type":"image\/png"}],"author":"David","twitter_card":"summary_large_image","twitter_misc":{"\u00c9crit par":"David"},"schema":{"@context":"https:\/\/schema.org","@graph":[{"@type":"Article","@id":"https:\/\/www.fredericdurieux.com\/index.php\/2014\/01\/19\/poursuivre\/#article","isPartOf":{"@id":"https:\/\/www.fredericdurieux.com\/index.php\/2014\/01\/19\/poursuivre\/"},"author":{"name":"David","@id":"https:\/\/www.fredericdurieux.com\/#\/schema\/person\/9a3ee17e8a4369e2063f47ab77b19af9"},"headline":"Poursuivre (2013-14), pour violon, violoncelle & accord\u00e9on","datePublished":"2014-01-19T13:45:19+00:00","dateModified":"2026-04-08T05:23:17+00:00","mainEntityOfPage":{"@id":"https:\/\/www.fredericdurieux.com\/index.php\/2014\/01\/19\/poursuivre\/"},"wordCount":43,"commentCount":0,"publisher":{"@id":"https:\/\/www.fredericdurieux.com\/#\/schema\/person\/a33962bb2a339dd50976b2e193f30b79"},"articleSection":["Musique de Chambre","oeuvres chronologiques"],"inLanguage":"fr-FR","potentialAction":[{"@type":"CommentAction","name":"Comment","target":["https:\/\/www.fredericdurieux.com\/index.php\/2014\/01\/19\/poursuivre\/#respond"]}]},{"@type":"WebPage","@id":"https:\/\/www.fredericdurieux.com\/index.php\/2014\/01\/19\/poursuivre\/","url":"https:\/\/www.fredericdurieux.com\/index.php\/2014\/01\/19\/poursuivre\/","name":"Poursuivre - Fr\u00e9d\u00e9ric Durieux","isPartOf":{"@id":"https:\/\/www.fredericdurieux.com\/#website"},"datePublished":"2014-01-19T13:45:19+00:00","dateModified":"2026-04-08T05:23:17+00:00","description":"Bienvenue sur le site de Fr\u00e9d\u00e9ric Durieux, compositeur","breadcrumb":{"@id":"https:\/\/www.fredericdurieux.com\/index.php\/2014\/01\/19\/poursuivre\/#breadcrumb"},"inLanguage":"fr-FR","potentialAction":[{"@type":"ReadAction","target":["https:\/\/www.fredericdurieux.com\/index.php\/2014\/01\/19\/poursuivre\/"]}]},{"@type":"BreadcrumbList","@id":"https:\/\/www.fredericdurieux.com\/index.php\/2014\/01\/19\/poursuivre\/#breadcrumb","itemListElement":[{"@type":"ListItem","position":1,"name":"Accueil","item":"https:\/\/www.fredericdurieux.com\/"},{"@type":"ListItem","position":2,"name":"Poursuivre"}]},{"@type":"WebSite","@id":"https:\/\/www.fredericdurieux.com\/#website","url":"https:\/\/www.fredericdurieux.com\/","name":"Fr\u00e9d\u00e9ric Durieux","description":"Compositeur","publisher":{"@id":"https:\/\/www.fredericdurieux.com\/#\/schema\/person\/a33962bb2a339dd50976b2e193f30b79"},"potentialAction":[{"@type":"SearchAction","target":{"@type":"EntryPoint","urlTemplate":"https:\/\/www.fredericdurieux.com\/?s={search_term_string}"},"query-input":"required name=search_term_string"}],"inLanguage":"fr-FR"},{"@type":["Person","Organization"],"@id":"https:\/\/www.fredericdurieux.com\/#\/schema\/person\/a33962bb2a339dd50976b2e193f30b79","name":"Fr\u00e9d\u00e9ric Durieux","image":{"@type":"ImageObject","inLanguage":"fr-FR","@id":"https:\/\/www.fredericdurieux.com\/#\/schema\/person\/image\/","url":"https:\/\/www.fredericdurieux.com\/wp-content\/uploads\/2022\/01\/Portrait-Durieux-Ecoutes.jpg","contentUrl":"https:\/\/www.fredericdurieux.com\/wp-content\/uploads\/2022\/01\/Portrait-Durieux-Ecoutes.jpg","width":600,"height":646,"caption":"Fr\u00e9d\u00e9ric Durieux"},"logo":{"@id":"https:\/\/www.fredericdurieux.com\/#\/schema\/person\/image\/"},"sameAs":["FDurieux"]},{"@type":"Person","@id":"https:\/\/www.fredericdurieux.com\/#\/schema\/person\/9a3ee17e8a4369e2063f47ab77b19af9","name":"David","image":{"@type":"ImageObject","inLanguage":"fr-FR","@id":"https:\/\/www.fredericdurieux.com\/#\/schema\/person\/image\/","url":"https:\/\/secure.gravatar.com\/avatar\/7cb679907503228dcb0ba73951a61bf7?s=96&d=mm&r=g","contentUrl":"https:\/\/secure.gravatar.com\/avatar\/7cb679907503228dcb0ba73951a61bf7?s=96&d=mm&r=g","caption":"David"},"sameAs":["https:\/\/www.fredericdurieux.com"],"url":"https:\/\/www.fredericdurieux.com\/index.php\/author\/david\/"}]}},"_links":{"self":[{"href":"https:\/\/www.fredericdurieux.com\/index.php\/wp-json\/wp\/v2\/posts\/1685"}],"collection":[{"href":"https:\/\/www.fredericdurieux.com\/index.php\/wp-json\/wp\/v2\/posts"}],"about":[{"href":"https:\/\/www.fredericdurieux.com\/index.php\/wp-json\/wp\/v2\/types\/post"}],"author":[{"embeddable":true,"href":"https:\/\/www.fredericdurieux.com\/index.php\/wp-json\/wp\/v2\/users\/1"}],"replies":[{"embeddable":true,"href":"https:\/\/www.fredericdurieux.com\/index.php\/wp-json\/wp\/v2\/comments?post=1685"}],"version-history":[{"count":1,"href":"https:\/\/www.fredericdurieux.com\/index.php\/wp-json\/wp\/v2\/posts\/1685\/revisions"}],"predecessor-version":[{"id":1686,"href":"https:\/\/www.fredericdurieux.com\/index.php\/wp-json\/wp\/v2\/posts\/1685\/revisions\/1686"}],"wp:attachment":[{"href":"https:\/\/www.fredericdurieux.com\/index.php\/wp-json\/wp\/v2\/media?parent=1685"}],"wp:term":[{"taxonomy":"category","embeddable":true,"href":"https:\/\/www.fredericdurieux.com\/index.php\/wp-json\/wp\/v2\/categories?post=1685"},{"taxonomy":"post_tag","embeddable":true,"href":"https:\/\/www.fredericdurieux.com\/index.php\/wp-json\/wp\/v2\/tags?post=1685"}],"curies":[{"name":"wp","href":"https:\/\/api.w.org\/{rel}","templated":true}]}}