{"id":835,"date":"1983-09-08T10:47:56","date_gmt":"1983-09-08T08:47:56","guid":{"rendered":"http:\/\/davidpilette.com\/FD2\/?p=835"},"modified":"2022-01-19T16:03:06","modified_gmt":"2022-01-19T15:03:06","slug":"exil-ii","status":"publish","type":"post","link":"https:\/\/www.fredericdurieux.com\/index.php\/1983\/09\/08\/exil-ii\/","title":{"rendered":" Exil II <br><i><span style='color:#999999;font-size:18px;'>(1983 - r\u00e9v.1984) pour soprano, contralto et ensemble sur un po\u00e8me d\u2019Yves Bonnefoy <\/span><\/i><\/br>"},"content":{"rendered":"\n<p><\/p>\n\n\n\n<p>(1-1-1-0 \/ 1-1-0-0 \/ 3 perc.-piano-harpe \/ 1-0-1-1-0)<br>Cr\u00e9ation de la version r\u00e9vis\u00e9e par Y. Nara, E. Laurence, l\u2019Ensemble InterContemporain, dir. Peter E\u00f6tv\u00f6s au Centre Georges Pompidou , Paris juin\u00a01985<br>D\u00e9dicace : \u00e0 Alain Poirier<br>Dur\u00e9e\u00a0: 21 min.<br>Editions Jobert (Paris) <em>\u00a0&#8211; anciennement \u00e9ditions Salabert<\/em><\/p>\n\n\n\n<p><\/p>\n","protected":false},"excerpt":{"rendered":"<p>(1983 &#8211; r\u00e9v.1984) pour soprano, contralto et ensemble sur un po\u00e8me d\u2019Yves Bonnefoy<\/p>\n","protected":false},"author":2,"featured_media":0,"comment_status":"closed","ping_status":"closed","sticky":false,"template":"","format":"standard","meta":{"_et_pb_use_builder":"off","_et_pb_old_content":"<!-- wp:paragraph -->\n<p>(1983 - r\u00e9v.1984) pour soprano, contralto et ensemble sur un po\u00e8me d\u2019Yves Bonnefoy<\/p>\n<!-- \/wp:paragraph -->\n\n<!-- wp:paragraph -->\n<p>(1-1-1-0 \/ 1-1-0-0 \/ 3 perc.-piano-harpe \/ 1-0-1-1-0)<\/p>\n<!-- \/wp:paragraph -->\n\n<!-- wp:paragraph -->\n<p>Cr\u00e9ation de la version r\u00e9vis\u00e9e par Y. Nara, E. Laurence, l\u2019Ensemble InterContemporain, dir. Peter E\u00f6tv\u00f6s au Centre Georges Pompidou , Paris juin&nbsp;1985<\/p>\n<!-- \/wp:paragraph -->\n\n<!-- wp:paragraph -->\n<p>D\u00e9dicace : \u00e0 Alain Poirier<\/p>\n<!-- \/wp:paragraph -->\n\n<!-- wp:paragraph -->\n<p>Dur\u00e9e&nbsp;: 21 min.<\/p>\n<!-- \/wp:paragraph -->\n\n<!-- wp:paragraph -->\n<p id=\"https:\/\/www.jobert.fr\/\">Editions Jobert (Paris) <em>&nbsp;- anciennement \u00e9ditions Salabert<\/em><\/p>\n<!-- \/wp:paragraph -->\n\n<!-- wp:paragraph -->\n<p><\/p>\n<!-- \/wp:paragraph -->","_et_gb_content_width":"1080","_monsterinsights_skip_tracking":false,"_monsterinsights_sitenote_active":false,"_monsterinsights_sitenote_note":"","_monsterinsights_sitenote_category":0},"categories":[13,25],"tags":[],"acf":[],"yoast_head":"<!-- This site is optimized with the Yoast SEO Premium plugin v17.9 (Yoast SEO v19.13) - https:\/\/yoast.com\/wordpress\/plugins\/seo\/ -->\n<title>Exil II - Fr\u00e9d\u00e9ric Durieux<\/title>\n<meta name=\"description\" content=\"Bienvenue sur le site de Fr\u00e9d\u00e9ric Durieux, compositeur\" \/>\n<meta name=\"robots\" content=\"index, follow, max-snippet:-1, max-image-preview:large, max-video-preview:-1\" \/>\n<link rel=\"canonical\" href=\"https:\/\/www.fredericdurieux.com\/index.php\/1983\/09\/08\/exil-ii\/\" \/>\n<meta property=\"og:locale\" content=\"fr_FR\" \/>\n<meta property=\"og:type\" content=\"article\" \/>\n<meta property=\"og:title\" content=\"Exil II Fr\u00e9d\u00e9ric Durieux - Composer\" \/>\n<meta property=\"og:description\" content=\"Bienvenue sur le site de Fr\u00e9d\u00e9ric Durieux, compositeur\" \/>\n<meta property=\"og:url\" content=\"https:\/\/www.fredericdurieux.com\/index.php\/1983\/09\/08\/exil-ii\/\" \/>\n<meta property=\"og:site_name\" content=\"Fr\u00e9d\u00e9ric Durieux\" \/>\n<meta property=\"article:published_time\" content=\"1983-09-08T08:47:56+00:00\" \/>\n<meta property=\"article:modified_time\" content=\"2022-01-19T15:03:06+00:00\" \/>\n<meta property=\"og:image\" content=\"https:\/\/www.fredericdurieux.com\/wp-content\/uploads\/2022\/02\/Fre\u0301de\u0301ric-Durieux.png\" \/>\n\t<meta property=\"og:image:width\" content=\"1367\" \/>\n\t<meta property=\"og:image:height\" content=\"753\" \/>\n\t<meta property=\"og:image:type\" content=\"image\/png\" \/>\n<meta name=\"author\" content=\"Fr\u00e9d\u00e9ric Durieux\" \/>\n<meta name=\"twitter:card\" content=\"summary_large_image\" \/>\n<meta name=\"twitter:label1\" content=\"\u00c9crit par\" \/>\n\t<meta name=\"twitter:data1\" content=\"Fr\u00e9d\u00e9ric Durieux\" \/>\n<script type=\"application\/ld+json\" class=\"yoast-schema-graph\">{\"@context\":\"https:\/\/schema.org\",\"@graph\":[{\"@type\":\"Article\",\"@id\":\"https:\/\/www.fredericdurieux.com\/index.php\/1983\/09\/08\/exil-ii\/#article\",\"isPartOf\":{\"@id\":\"https:\/\/www.fredericdurieux.com\/index.php\/1983\/09\/08\/exil-ii\/\"},\"author\":{\"name\":\"Fr\u00e9d\u00e9ric Durieux\",\"@id\":\"https:\/\/www.fredericdurieux.com\/#\/schema\/person\/a33962bb2a339dd50976b2e193f30b79\"},\"headline\":\"Exil II (1983 - r\u00e9v.1984) pour soprano, contralto et ensemble sur un po\u00e8me d\u2019Yves Bonnefoy\",\"datePublished\":\"1983-09-08T08:47:56+00:00\",\"dateModified\":\"2022-01-19T15:03:06+00:00\",\"mainEntityOfPage\":{\"@id\":\"https:\/\/www.fredericdurieux.com\/index.php\/1983\/09\/08\/exil-ii\/\"},\"wordCount\":54,\"publisher\":{\"@id\":\"https:\/\/www.fredericdurieux.com\/#\/schema\/person\/a33962bb2a339dd50976b2e193f30b79\"},\"articleSection\":[\"oeuvres chronologiques\",\"Oeuvres Vocales\"],\"inLanguage\":\"fr-FR\"},{\"@type\":\"WebPage\",\"@id\":\"https:\/\/www.fredericdurieux.com\/index.php\/1983\/09\/08\/exil-ii\/\",\"url\":\"https:\/\/www.fredericdurieux.com\/index.php\/1983\/09\/08\/exil-ii\/\",\"name\":\"Exil II - Fr\u00e9d\u00e9ric Durieux\",\"isPartOf\":{\"@id\":\"https:\/\/www.fredericdurieux.com\/#website\"},\"datePublished\":\"1983-09-08T08:47:56+00:00\",\"dateModified\":\"2022-01-19T15:03:06+00:00\",\"description\":\"Bienvenue sur le site de Fr\u00e9d\u00e9ric Durieux, compositeur\",\"breadcrumb\":{\"@id\":\"https:\/\/www.fredericdurieux.com\/index.php\/1983\/09\/08\/exil-ii\/#breadcrumb\"},\"inLanguage\":\"fr-FR\",\"potentialAction\":[{\"@type\":\"ReadAction\",\"target\":[\"https:\/\/www.fredericdurieux.com\/index.php\/1983\/09\/08\/exil-ii\/\"]}]},{\"@type\":\"BreadcrumbList\",\"@id\":\"https:\/\/www.fredericdurieux.com\/index.php\/1983\/09\/08\/exil-ii\/#breadcrumb\",\"itemListElement\":[{\"@type\":\"ListItem\",\"position\":1,\"name\":\"Accueil\",\"item\":\"https:\/\/www.fredericdurieux.com\/\"},{\"@type\":\"ListItem\",\"position\":2,\"name\":\"Exil II (1983 - r\u00e9v.1984) pour soprano, contralto et ensemble sur un po\u00e8me d\u2019Yves Bonnefoy\"}]},{\"@type\":\"WebSite\",\"@id\":\"https:\/\/www.fredericdurieux.com\/#website\",\"url\":\"https:\/\/www.fredericdurieux.com\/\",\"name\":\"Fr\u00e9d\u00e9ric Durieux\",\"description\":\"Compositeur\",\"publisher\":{\"@id\":\"https:\/\/www.fredericdurieux.com\/#\/schema\/person\/a33962bb2a339dd50976b2e193f30b79\"},\"potentialAction\":[{\"@type\":\"SearchAction\",\"target\":{\"@type\":\"EntryPoint\",\"urlTemplate\":\"https:\/\/www.fredericdurieux.com\/?s={search_term_string}\"},\"query-input\":\"required name=search_term_string\"}],\"inLanguage\":\"fr-FR\"},{\"@type\":[\"Person\",\"Organization\"],\"@id\":\"https:\/\/www.fredericdurieux.com\/#\/schema\/person\/a33962bb2a339dd50976b2e193f30b79\",\"name\":\"Fr\u00e9d\u00e9ric Durieux\",\"image\":{\"@type\":\"ImageObject\",\"inLanguage\":\"fr-FR\",\"@id\":\"https:\/\/www.fredericdurieux.com\/#\/schema\/person\/image\/\",\"url\":\"https:\/\/www.fredericdurieux.com\/wp-content\/uploads\/2022\/01\/Portrait-Durieux-Ecoutes.jpg\",\"contentUrl\":\"https:\/\/www.fredericdurieux.com\/wp-content\/uploads\/2022\/01\/Portrait-Durieux-Ecoutes.jpg\",\"width\":600,\"height\":646,\"caption\":\"Fr\u00e9d\u00e9ric Durieux\"},\"logo\":{\"@id\":\"https:\/\/www.fredericdurieux.com\/#\/schema\/person\/image\/\"},\"sameAs\":[\"FDurieux\"],\"url\":\"https:\/\/www.fredericdurieux.com\/index.php\/author\/fdurieux\/\"}]}<\/script>\n<!-- \/ Yoast SEO Premium plugin. -->","yoast_head_json":{"title":"Exil II - Fr\u00e9d\u00e9ric Durieux","description":"Bienvenue sur le site de Fr\u00e9d\u00e9ric Durieux, compositeur","robots":{"index":"index","follow":"follow","max-snippet":"max-snippet:-1","max-image-preview":"max-image-preview:large","max-video-preview":"max-video-preview:-1"},"canonical":"https:\/\/www.fredericdurieux.com\/index.php\/1983\/09\/08\/exil-ii\/","og_locale":"fr_FR","og_type":"article","og_title":"Exil II Fr\u00e9d\u00e9ric Durieux - Composer","og_description":"Bienvenue sur le site de Fr\u00e9d\u00e9ric Durieux, compositeur","og_url":"https:\/\/www.fredericdurieux.com\/index.php\/1983\/09\/08\/exil-ii\/","og_site_name":"Fr\u00e9d\u00e9ric Durieux","article_published_time":"1983-09-08T08:47:56+00:00","article_modified_time":"2022-01-19T15:03:06+00:00","og_image":[{"width":1367,"height":753,"url":"https:\/\/www.fredericdurieux.com\/wp-content\/uploads\/2022\/02\/Fre\u0301de\u0301ric-Durieux.png","type":"image\/png"}],"author":"Fr\u00e9d\u00e9ric Durieux","twitter_card":"summary_large_image","twitter_misc":{"\u00c9crit par":"Fr\u00e9d\u00e9ric Durieux"},"schema":{"@context":"https:\/\/schema.org","@graph":[{"@type":"Article","@id":"https:\/\/www.fredericdurieux.com\/index.php\/1983\/09\/08\/exil-ii\/#article","isPartOf":{"@id":"https:\/\/www.fredericdurieux.com\/index.php\/1983\/09\/08\/exil-ii\/"},"author":{"name":"Fr\u00e9d\u00e9ric Durieux","@id":"https:\/\/www.fredericdurieux.com\/#\/schema\/person\/a33962bb2a339dd50976b2e193f30b79"},"headline":"Exil II (1983 - r\u00e9v.1984) pour soprano, contralto et ensemble sur un po\u00e8me d\u2019Yves Bonnefoy","datePublished":"1983-09-08T08:47:56+00:00","dateModified":"2022-01-19T15:03:06+00:00","mainEntityOfPage":{"@id":"https:\/\/www.fredericdurieux.com\/index.php\/1983\/09\/08\/exil-ii\/"},"wordCount":54,"publisher":{"@id":"https:\/\/www.fredericdurieux.com\/#\/schema\/person\/a33962bb2a339dd50976b2e193f30b79"},"articleSection":["oeuvres chronologiques","Oeuvres Vocales"],"inLanguage":"fr-FR"},{"@type":"WebPage","@id":"https:\/\/www.fredericdurieux.com\/index.php\/1983\/09\/08\/exil-ii\/","url":"https:\/\/www.fredericdurieux.com\/index.php\/1983\/09\/08\/exil-ii\/","name":"Exil II - Fr\u00e9d\u00e9ric Durieux","isPartOf":{"@id":"https:\/\/www.fredericdurieux.com\/#website"},"datePublished":"1983-09-08T08:47:56+00:00","dateModified":"2022-01-19T15:03:06+00:00","description":"Bienvenue sur le site de Fr\u00e9d\u00e9ric Durieux, compositeur","breadcrumb":{"@id":"https:\/\/www.fredericdurieux.com\/index.php\/1983\/09\/08\/exil-ii\/#breadcrumb"},"inLanguage":"fr-FR","potentialAction":[{"@type":"ReadAction","target":["https:\/\/www.fredericdurieux.com\/index.php\/1983\/09\/08\/exil-ii\/"]}]},{"@type":"BreadcrumbList","@id":"https:\/\/www.fredericdurieux.com\/index.php\/1983\/09\/08\/exil-ii\/#breadcrumb","itemListElement":[{"@type":"ListItem","position":1,"name":"Accueil","item":"https:\/\/www.fredericdurieux.com\/"},{"@type":"ListItem","position":2,"name":"Exil II (1983 - r\u00e9v.1984) pour soprano, contralto et ensemble sur un po\u00e8me d\u2019Yves Bonnefoy"}]},{"@type":"WebSite","@id":"https:\/\/www.fredericdurieux.com\/#website","url":"https:\/\/www.fredericdurieux.com\/","name":"Fr\u00e9d\u00e9ric Durieux","description":"Compositeur","publisher":{"@id":"https:\/\/www.fredericdurieux.com\/#\/schema\/person\/a33962bb2a339dd50976b2e193f30b79"},"potentialAction":[{"@type":"SearchAction","target":{"@type":"EntryPoint","urlTemplate":"https:\/\/www.fredericdurieux.com\/?s={search_term_string}"},"query-input":"required name=search_term_string"}],"inLanguage":"fr-FR"},{"@type":["Person","Organization"],"@id":"https:\/\/www.fredericdurieux.com\/#\/schema\/person\/a33962bb2a339dd50976b2e193f30b79","name":"Fr\u00e9d\u00e9ric Durieux","image":{"@type":"ImageObject","inLanguage":"fr-FR","@id":"https:\/\/www.fredericdurieux.com\/#\/schema\/person\/image\/","url":"https:\/\/www.fredericdurieux.com\/wp-content\/uploads\/2022\/01\/Portrait-Durieux-Ecoutes.jpg","contentUrl":"https:\/\/www.fredericdurieux.com\/wp-content\/uploads\/2022\/01\/Portrait-Durieux-Ecoutes.jpg","width":600,"height":646,"caption":"Fr\u00e9d\u00e9ric Durieux"},"logo":{"@id":"https:\/\/www.fredericdurieux.com\/#\/schema\/person\/image\/"},"sameAs":["FDurieux"],"url":"https:\/\/www.fredericdurieux.com\/index.php\/author\/fdurieux\/"}]}},"_links":{"self":[{"href":"https:\/\/www.fredericdurieux.com\/index.php\/wp-json\/wp\/v2\/posts\/835"}],"collection":[{"href":"https:\/\/www.fredericdurieux.com\/index.php\/wp-json\/wp\/v2\/posts"}],"about":[{"href":"https:\/\/www.fredericdurieux.com\/index.php\/wp-json\/wp\/v2\/types\/post"}],"author":[{"embeddable":true,"href":"https:\/\/www.fredericdurieux.com\/index.php\/wp-json\/wp\/v2\/users\/2"}],"replies":[{"embeddable":true,"href":"https:\/\/www.fredericdurieux.com\/index.php\/wp-json\/wp\/v2\/comments?post=835"}],"version-history":[{"count":14,"href":"https:\/\/www.fredericdurieux.com\/index.php\/wp-json\/wp\/v2\/posts\/835\/revisions"}],"predecessor-version":[{"id":1284,"href":"https:\/\/www.fredericdurieux.com\/index.php\/wp-json\/wp\/v2\/posts\/835\/revisions\/1284"}],"wp:attachment":[{"href":"https:\/\/www.fredericdurieux.com\/index.php\/wp-json\/wp\/v2\/media?parent=835"}],"wp:term":[{"taxonomy":"category","embeddable":true,"href":"https:\/\/www.fredericdurieux.com\/index.php\/wp-json\/wp\/v2\/categories?post=835"},{"taxonomy":"post_tag","embeddable":true,"href":"https:\/\/www.fredericdurieux.com\/index.php\/wp-json\/wp\/v2\/tags?post=835"}],"curies":[{"name":"wp","href":"https:\/\/api.w.org\/{rel}","templated":true}]}}